{"id":266876,"date":"2026-06-05T09:14:07","date_gmt":"2026-06-05T09:14:07","guid":{"rendered":"https:\/\/www.europesays.com\/se\/266876\/"},"modified":"2026-06-05T09:14:07","modified_gmt":"2026-06-05T09:14:07","slug":"svaret-om-brutala-sveket-i-forradarna-och-det-ovantade-romansryktet","status":"publish","type":"post","link":"https:\/\/www.europesays.com\/se\/266876\/","title":{"rendered":"Svaret om brutala sveket i F\u00f6rr\u00e4darna \u2013 och det ov\u00e4ntade romansryktet"},"content":{"rendered":"<p>Uppdaterad 5 jun 2026 kl 11.02Publicerad 5 jun 2026 kl 11.02<\/p>\n<p>Johan K\u00fcc\u00fckaslan om varf\u00f6r han svek Anna under finalen \u2013 och fanns det en spirande romans p\u00e5 slottet? Dessutom avsl\u00f6jar Katia Kosally allt om de hemliga festerna p\u00e5 rummen. Och Torbj\u00f6rn ber\u00e4ttar om n\u00e4r han pl\u00f6tsligt l\u00e4mnade mitt under inspelningen.<\/p>\n<p>            <a href=\"mailto:webbrattelse@expressen.se?subject=Fel%20i%20artikel%3A%20Svaret%20om%20brutala%20%0Asveket%20i%20%E2%80%9DF%C3%B6rr%C3%A4darna%E2%80%9D&amp;body=En%20l%C3%A4sare%20rapporterar%20fel%20i%20https%3A%2F%2Fwww.expressen.se%2Ftv%2Fnoje%2Fsvaret-om-brutala-sveket-i-forradarna%2F%0A%0AKommentar%3A%20\"><br \/>\n              Anm\u00e4l text- och faktafel<br \/>\n            <\/a><a href=\"https:\/\/www.expressen.se\/om-expressen\/sa-jobbar-vi-med-korrekta-publiceringar\/\" rel=\"nofollow noopener\" target=\"_blank\">V\u00e5ra kvalitetsrutiner<\/a><\/p>\n","protected":false},"excerpt":{"rendered":"Uppdaterad 5 jun 2026 kl 11.02Publicerad 5 jun 2026 kl 11.02 Johan K\u00fcc\u00fckaslan om varf\u00f6r han svek Anna&hellip;\n","protected":false},"author":2,"featured_media":266877,"comment_status":"","ping_status":"","sticky":false,"template":"","format":"standard","meta":{"footnotes":"","_share_on_mastodon":"0"},"categories":[67],"tags":[104,4034,34,12493,31,33,32,30,105],"class_list":["post-266876","post","type-post","status-publish","format-standard","has-post-thumbnail","category-underhallning","tag-entertainment","tag-organization-forradarna","tag-se","tag-sections-noje","tag-svenska","tag-sverige","tag-sweden","tag-swedish","tag-underhallning"],"share_on_mastodon":{"url":"https:\/\/pubeurope.com\/@se\/116696741698226308","error":""},"_links":{"self":[{"href":"https:\/\/www.europesays.com\/se\/wp-json\/wp\/v2\/posts\/266876","targetHints":{"allow":["GET"]}}],"collection":[{"href":"https:\/\/www.europesays.com\/se\/wp-json\/wp\/v2\/posts"}],"about":[{"href":"https:\/\/www.europesays.com\/se\/wp-json\/wp\/v2\/types\/post"}],"author":[{"embeddable":true,"href":"https:\/\/www.europesays.com\/se\/wp-json\/wp\/v2\/users\/2"}],"replies":[{"embeddable":true,"href":"https:\/\/www.europesays.com\/se\/wp-json\/wp\/v2\/comments?post=266876"}],"version-history":[{"count":0,"href":"https:\/\/www.europesays.com\/se\/wp-json\/wp\/v2\/posts\/266876\/revisions"}],"wp:featuredmedia":[{"embeddable":true,"href":"https:\/\/www.europesays.com\/se\/wp-json\/wp\/v2\/media\/266877"}],"wp:attachment":[{"href":"https:\/\/www.europesays.com\/se\/wp-json\/wp\/v2\/media?parent=266876"}],"wp:term":[{"taxonomy":"category","embeddable":true,"href":"https:\/\/www.europesays.com\/se\/wp-json\/wp\/v2\/categories?post=266876"},{"taxonomy":"post_tag","embeddable":true,"href":"https:\/\/www.europesays.com\/se\/wp-json\/wp\/v2\/tags?post=266876"}],"curies":[{"name":"wp","href":"https:\/\/api.w.org\/{rel}","templated":true}]}}