{"id":26695,"date":"2025-09-10T16:05:08","date_gmt":"2025-09-10T16:05:08","guid":{"rendered":"https:\/\/www.europesays.com\/se\/26695\/"},"modified":"2025-09-10T16:05:08","modified_gmt":"2025-09-10T16:05:08","slug":"lanas-ut-till-ettanklubb-for-att-ta-nasta-kliv","status":"publish","type":"post","link":"https:\/\/www.europesays.com\/se\/26695\/","title":{"rendered":"L\u00e5nas ut till Ettanklubb: &#8221;F\u00f6r att ta n\u00e4sta kliv&#8221;"},"content":{"rendered":"<p><strong>Freddie Larsson har inte slagit sig in som ordinarie i <a href=\"https:\/\/hockeysverige.se\/klubb\/malmo-redhawks\/\" rel=\"nofollow noopener\" target=\"_blank\">Malm\u00f6<\/a>. Nu l\u00e5nas han ut till <a href=\"https:\/\/hockeysverige.se\/klubb\/karlskrona-hk\/\" rel=\"nofollow noopener\" target=\"_blank\">Karlskrona<\/a> i <a href=\"https:\/\/hockeysverige.se\/hockeyettan\/\" rel=\"nofollow noopener\" target=\"_blank\">HockeyEttan<\/a>.<br \/>\u2013 F\u00f6r att Freddie ska ta n\u00e4sta kliv kr\u00e4vs mycket speltid och d\u00e4rf\u00f6r tror vi att en utl\u00e5ning till Karlskrona kommer g\u00f6ra honom gott, s\u00e4ger Redhawks sportchef Oscar Alsenfelt.<\/strong><\/p>\n<p><img loading=\"lazy\" decoding=\"async\" width=\"1024\" height=\"658\" src=\"https:\/\/www.europesays.com\/se\/wp-content\/uploads\/2025\/09\/Freddie-Larsson-1024x658.webp.webp\" alt=\"\" class=\"wp-image-302619\"  \/>Freddie Larsson. <br \/><strong>Foto: <\/strong>Bildbyr\u00e5n.<\/p>\n<p><a href=\"https:\/\/hockeysverige.se\/shl\/felix-carell-malmo-lan-kalmar-hc\/\" rel=\"nofollow noopener\" target=\"_blank\">Tidigare idag l\u00e5nade Malm\u00f6 ut juniorbacken Felix Carell till Kalmar. <\/a>Nu st\u00e5r det klart att de ocks\u00e5 l\u00e5nar ut forwarden Freddie Larsson. D\u00e4r v\u00e4ntar spel i Karlskrona i HockeyEttan.<\/p>\n<p>L\u00e5net g\u00e4ller tills vidare.<\/p>\n<p>\u2013 I Freddie f\u00e5r vi en kraftfull forward med b\u00e5de storlek och speed. Han \u00e4r skicklig p\u00e5 att ta sig rakt mot m\u00e5l och bidrar med v\u00e4rdefull erfarenhet fr\u00e5n spel p\u00e5 h\u00f6g niv\u00e5,\u00a0<a href=\"https:\/\/www.khk.se\/article\/zi9at2c-2l3c1\/view\" rel=\"nofollow noopener\" target=\"_blank\">s\u00e4ger KHK:s sportchef Hampus Mel\u00e9n.<\/a><\/p>\n<p>Freddie Larsson, 21, har tillh\u00f6rt Malm\u00f6 s\u00e5 gott som hela karri\u00e4ren men har inte slagit sig in som ordinarie i A-laget. Ifjol registrerades han f\u00f6r 32 <a href=\"https:\/\/hockeysverige.se\/shl\/\" rel=\"nofollow noopener\" target=\"_blank\">SHL<\/a>-matcher och sex slutspelsmatcher, men snittade bara 3:50 i istid per match. Han var ocks\u00e5 utl\u00e5nad till IK Pantern i HockeyEttan, d\u00e4r han gjorde 14 po\u00e4ng (7+7) p\u00e5 16 matcher.<\/p>\n<p>\u2013 Freddie har visat vad han g\u00e5r f\u00f6r och han har m\u00e5nga egenskaper som vi tycker mycket om. F\u00f6r att Freddie ska ta n\u00e4sta kliv kr\u00e4vs mycket speltid och d\u00e4rf\u00f6r tror vi att en utl\u00e5ning till Karlskrona kommer g\u00f6ra honom gott. Vi \u00f6nskar Freddie ett stort lycka till, <a href=\"https:\/\/www.malmoredhawks.com\/article\/6ayat2d-33nad\/view\" rel=\"nofollow noopener\" target=\"_blank\">s\u00e4ger Redhawks sportchef Oscar Alsenfelt.<\/a><\/p>\n","protected":false},"excerpt":{"rendered":"Freddie Larsson har inte slagit sig in som ordinarie i Malm\u00f6. Nu l\u00e5nas han ut till Karlskrona i&hellip;\n","protected":false},"author":2,"featured_media":26696,"comment_status":"","ping_status":"","sticky":false,"template":"","format":"standard","meta":{"footnotes":""},"categories":[68],"tags":[34,133,111,110,31,33,32,30],"class_list":{"0":"post-26695","1":"post","2":"type-post","3":"status-publish","4":"format-standard","5":"has-post-thumbnail","7":"category-sport","8":"tag-se","9":"tag-second-news","10":"tag-sport","11":"tag-sports","12":"tag-svenska","13":"tag-sverige","14":"tag-sweden","15":"tag-swedish"},"share_on_mastodon":{"url":"","error":""},"_links":{"self":[{"href":"https:\/\/www.europesays.com\/se\/wp-json\/wp\/v2\/posts\/26695","targetHints":{"allow":["GET"]}}],"collection":[{"href":"https:\/\/www.europesays.com\/se\/wp-json\/wp\/v2\/posts"}],"about":[{"href":"https:\/\/www.europesays.com\/se\/wp-json\/wp\/v2\/types\/post"}],"author":[{"embeddable":true,"href":"https:\/\/www.europesays.com\/se\/wp-json\/wp\/v2\/users\/2"}],"replies":[{"embeddable":true,"href":"https:\/\/www.europesays.com\/se\/wp-json\/wp\/v2\/comments?post=26695"}],"version-history":[{"count":0,"href":"https:\/\/www.europesays.com\/se\/wp-json\/wp\/v2\/posts\/26695\/revisions"}],"wp:featuredmedia":[{"embeddable":true,"href":"https:\/\/www.europesays.com\/se\/wp-json\/wp\/v2\/media\/26696"}],"wp:attachment":[{"href":"https:\/\/www.europesays.com\/se\/wp-json\/wp\/v2\/media?parent=26695"}],"wp:term":[{"taxonomy":"category","embeddable":true,"href":"https:\/\/www.europesays.com\/se\/wp-json\/wp\/v2\/categories?post=26695"},{"taxonomy":"post_tag","embeddable":true,"href":"https:\/\/www.europesays.com\/se\/wp-json\/wp\/v2\/tags?post=26695"}],"curies":[{"name":"wp","href":"https:\/\/api.w.org\/{rel}","templated":true}]}}