{"id":267003,"date":"2026-06-05T11:24:11","date_gmt":"2026-06-05T11:24:11","guid":{"rendered":"https:\/\/www.europesays.com\/se\/267003\/"},"modified":"2026-06-05T11:24:11","modified_gmt":"2026-06-05T11:24:11","slug":"svaret-pa-romansryktet-mellan-johan-och-anna-i-forradarna","status":"publish","type":"post","link":"https:\/\/www.europesays.com\/se\/267003\/","title":{"rendered":"Svaret p\u00e5 romansryktet mellan Johan och Anna i F\u00f6rr\u00e4darna"},"content":{"rendered":"<p>Publicerad 5 jun 2026 kl 12.43<\/p>\n<p>Ryktet s\u00e4ger att Johan K\u00fcc\u00fckaslan och Anna Anka har en romans i \u201dF\u00f6rr\u00e4darna\u201d \u2013 som klipptes bort.\u00a0<\/p>\n<p>I Expressens <a href=\"https:\/\/open.spotify.com\/show\/3gmBZ1LtX3iLxUxZuGEkNA\" rel=\"nofollow noopener\" target=\"_blank\">\u201dBehind the scenes\u201d<\/a> dementerar sportjournalisten ryktet kraftigt.\u00a0<\/p>\n<p>\u2013 Folk \u00e4r sjuka i huvudet.<\/p>\n<p><img loading=\"lazy\"   alt=\"\"\/><\/p>\n<p>Johan K\u00fcc\u00fckaslan.<\/p>\n<p>Foto: TV4<\/p>\n<p>\u00d6ppna bild i helsk\u00e4rm<img loading=\"lazy\"   alt=\"\"\/><\/p>\n<p>Anna Anka.<\/p>\n<p>Foto: TV4<\/p>\n<p>\u00d6ppna bild i helsk\u00e4rm<img loading=\"lazy\"   alt=\"\"\/><\/p>\n<p>Anna Anka och Johan K\u00fcc\u00fckaslan i \u201dGravkammaren\u201d.<\/p>\n<p>Foto: TV4<\/p>\n<p>\u00d6ppna bild i helsk\u00e4rm<\/p>\n<p>Anna Anka och Johan K\u00fcc\u00fckaslan har h\u00e5llit ihop i hela s\u00e4songen av \u201d<a href=\"https:\/\/www.expressen.se\/tagg\/organization\/forradarna\/\" class=\"\" rel=\"nofollow noopener\" target=\"_blank\">F\u00f6rr\u00e4darna<\/a>\u201d men s\u00e5 pl\u00f6tsligt, mitt i sluttampen, v\u00e4nder de sig mot varandra.\u00a0<\/p>\n<p>\u2013 Det som h\u00e4nde kv\u00e4llen innan n\u00e4r hon gr\u00e4t, d\u00e5 b\u00f6rjade jag tvivla p\u00e5 Anna, s\u00e4ger K\u00fcc\u00fckaslan i Expressens podd \u201dBehind the scenes\u201d och syftar p\u00e5 n\u00e4r Anka br\u00e5kade med Mona Sahlin.\u00a0<\/p>\n<p>Han b\u00f6rjade fundera p\u00e5 varf\u00f6r Anna Anka hade varit kvar s\u00e5 l\u00e4nge och varf\u00f6r hon ville att de skulle spela tillsammans. K\u00fcc\u00fckaslan b\u00f6rjade tro att hon var en f\u00f6rr\u00e4dare.\u00a0<\/p>\n<p>Han k\u00e4nde att han var tvungen att v\u00e4lja mellan Anna Anka och Mona Sahlin.\u00a0<\/p>\n<p>Valet blev p\u00e5 den sistn\u00e4mnda.\u00a0<\/p>\n<p>\u2013 Jag \u00f6nskar att jag med facit i hand hade litat p\u00e5 Anna, s\u00e4ger Johan.\u00a0<\/p>\n<p>Dementerar kraftigt<\/p>\n<p>Under s\u00e4songens g\u00e5ng har tittare b\u00f6rjat spekulera i om det finns en spirande romans mellan Johan K\u00fcc\u00fckaslan och Anna Anka.\u00a0<\/p>\n<p>\u2013 Folk \u00e4r sjuka i huvudet.\u00a0En romans mellan mig och Anna Anka bara f\u00f6r att vi \u00e4r allierade i spelet? Till att b\u00f6rja med s\u00e5 har hon en kille och sen NEJ, jag \u00e4lskar Anna och vi kommer s\u00e5 bra \u00f6verens men&#8230;<\/p>\n<p>\u201dBehind the scenes\u201d-programledaren Ellinor Saari s\u00e4ger att ett rykte s\u00e4ger att romansen ska vara bortklippt i programmet.\u00a0<\/p>\n<p>\u2013 Va?! N\u00e4r d\u00e5? Det \u00e4r inte som att vi har tid att umg\u00e5s. Det h\u00e4r \u00e4r \u201dF\u00f6rr\u00e4darna\u201d, det h\u00e4r \u00e4r inte \u201dParadise hotel\u201d, utbrister K\u00fcc\u00fckaslan.\u00a0<\/p>\n<p>Han s\u00e4ger att han kraftigt dementerar ryktet.\u00a0<\/p>\n<p>\u2013 Nej men det \u00e4r en s\u00e5 konstig grej, s\u00e4ger K\u00fcc\u00fckaslan i programmet.\u00a0<\/p>\n<p><img loading=\"lazy\"   alt=\"\"\/><\/p>\n<p>Johan f\u00e5r en chock efter ryktet som Ellinor Saari ber\u00e4ttar om.<\/p>\n<p>Foto: Expressen<\/p>\n<p>\u00d6ppna bild i helsk\u00e4rm<\/p>\n<p>Lyssna p\u00e5 hela avsnittet i spelaren nedan \u2013 <a href=\"https:\/\/6rybs.app.link\/TZfZmkcqo1\" rel=\"nofollow noopener\" target=\"_blank\">eller ladda hem Expressens app f\u00f6r b\u00e4ttre upplevelse<\/a><\/p>\n<p><a href=\"https:\/\/open.spotify.com\/show\/3gmBZ1LtX3iLxUxZuGEkNA\" rel=\"nofollow noopener\" target=\"_blank\">\u2022 Lyssna direkt p\u00e5 Spotify h\u00e4r<\/a><\/p>\n<p>\u2022 <a href=\"https:\/\/podcasts.apple.com\/se\/podcast\/behind-the-scenes\/id1716910362\" rel=\"nofollow noopener\" target=\"_blank\">Lyssna direkt p\u00e5 Podcaster h\u00e4r<\/a><\/p>\n<p><img alt=\"\" loading=\"lazy\"\/>Ljudklippet gick inte att spela upp<\/p>\n<p>F\u00f6rs\u00f6k igen senare<\/p>\n","protected":false},"excerpt":{"rendered":"Publicerad 5 jun 2026 kl 12.43 Ryktet s\u00e4ger att Johan K\u00fcc\u00fckaslan och Anna Anka har en romans i&hellip;\n","protected":false},"author":2,"featured_media":267004,"comment_status":"","ping_status":"","sticky":false,"template":"","format":"standard","meta":{"footnotes":"","_share_on_mastodon":"0"},"categories":[67],"tags":[104,4034,6050,34,645,31,33,32,30,218,646,105],"class_list":["post-267003","post","type-post","status-publish","format-standard","has-post-thumbnail","category-underhallning","tag-entertainment","tag-organization-forradarna","tag-person-anna-anka","tag-se","tag-sections-tv","tag-svenska","tag-sverige","tag-sweden","tag-swedish","tag-topic-realityprogram","tag-topic-tv-serier","tag-underhallning"],"share_on_mastodon":{"url":"https:\/\/pubeurope.com\/@se\/116697252915026913","error":""},"_links":{"self":[{"href":"https:\/\/www.europesays.com\/se\/wp-json\/wp\/v2\/posts\/267003","targetHints":{"allow":["GET"]}}],"collection":[{"href":"https:\/\/www.europesays.com\/se\/wp-json\/wp\/v2\/posts"}],"about":[{"href":"https:\/\/www.europesays.com\/se\/wp-json\/wp\/v2\/types\/post"}],"author":[{"embeddable":true,"href":"https:\/\/www.europesays.com\/se\/wp-json\/wp\/v2\/users\/2"}],"replies":[{"embeddable":true,"href":"https:\/\/www.europesays.com\/se\/wp-json\/wp\/v2\/comments?post=267003"}],"version-history":[{"count":0,"href":"https:\/\/www.europesays.com\/se\/wp-json\/wp\/v2\/posts\/267003\/revisions"}],"wp:featuredmedia":[{"embeddable":true,"href":"https:\/\/www.europesays.com\/se\/wp-json\/wp\/v2\/media\/267004"}],"wp:attachment":[{"href":"https:\/\/www.europesays.com\/se\/wp-json\/wp\/v2\/media?parent=267003"}],"wp:term":[{"taxonomy":"category","embeddable":true,"href":"https:\/\/www.europesays.com\/se\/wp-json\/wp\/v2\/categories?post=267003"},{"taxonomy":"post_tag","embeddable":true,"href":"https:\/\/www.europesays.com\/se\/wp-json\/wp\/v2\/tags?post=267003"}],"curies":[{"name":"wp","href":"https:\/\/api.w.org\/{rel}","templated":true}]}}