{"id":267145,"date":"2026-06-05T14:21:14","date_gmt":"2026-06-05T14:21:14","guid":{"rendered":"https:\/\/www.europesays.com\/se\/267145\/"},"modified":"2026-06-05T14:21:14","modified_gmt":"2026-06-05T14:21:14","slug":"forradarna-patrik-avslojar-spelet-bakom-vinsten","status":"publish","type":"post","link":"https:\/\/www.europesays.com\/se\/267145\/","title":{"rendered":"F\u00f6rr\u00e4darna-Patrik avsl\u00f6jar spelet bakom vinsten"},"content":{"rendered":"<p>Uppdaterad 5 jun 2026 kl 14.42Publicerad 5 jun 2026 kl 14.24<\/p>\n<p>Patrik tog ensam hem vinsten i \u201dF\u00f6rr\u00e4darna\u201d och avsl\u00f6jar nu hur han hade fingret i med i en av s\u00e4songens st\u00f6rsta snackisar. Dessutom ber\u00e4ttar han om deltagaren han vill umg\u00e5s med utanf\u00f6r programmet, deltagaren han \u00e4r livr\u00e4dd f\u00f6r och deltagarna som inte kunde f\u00f6lja reglerna.<\/p>\n<p>            <a href=\"mailto:webbrattelse@expressen.se?subject=Fel%20i%20artikel%3A%20EXTRAAVSNITT%3A%20%E2%80%9DF%C3%B6rr%C3%A4darna%E2%80%9D-Patrik%20avsl%C3%B6jar%20spelet%20som%20ledde%20till%20vinsten&amp;body=En%20l%C3%A4sare%20rapporterar%20fel%20i%20https%3A%2F%2Fwww.expressen.se%2Ftv%2Fnoje%2Fextraavsnitt-forradarna-patrik-avslojar-spelet-som-ledde-till-vinsten%2F%0A%0AKommentar%3A%20\"><br \/>\n              Anm\u00e4l text- och faktafel<br \/>\n            <\/a><a href=\"https:\/\/www.expressen.se\/om-expressen\/sa-jobbar-vi-med-korrekta-publiceringar\/\" rel=\"nofollow noopener\" target=\"_blank\">V\u00e5ra kvalitetsrutiner<\/a><\/p>\n","protected":false},"excerpt":{"rendered":"Uppdaterad 5 jun 2026 kl 14.42Publicerad 5 jun 2026 kl 14.24 Patrik tog ensam hem vinsten i \u201dF\u00f6rr\u00e4darna\u201d&hellip;\n","protected":false},"author":2,"featured_media":267146,"comment_status":"","ping_status":"","sticky":false,"template":"","format":"standard","meta":{"footnotes":"","_share_on_mastodon":"0"},"categories":[67],"tags":[104,17646,4034,34,12493,31,33,32,30,218,646,105],"class_list":["post-267145","post","type-post","status-publish","format-standard","has-post-thumbnail","category-underhallning","tag-entertainment","tag-organization-bts-vodd","tag-organization-forradarna","tag-se","tag-sections-noje","tag-svenska","tag-sverige","tag-sweden","tag-swedish","tag-topic-realityprogram","tag-topic-tv-serier","tag-underhallning"],"share_on_mastodon":{"url":"https:\/\/pubeurope.com\/@se\/116697949274622903","error":""},"_links":{"self":[{"href":"https:\/\/www.europesays.com\/se\/wp-json\/wp\/v2\/posts\/267145","targetHints":{"allow":["GET"]}}],"collection":[{"href":"https:\/\/www.europesays.com\/se\/wp-json\/wp\/v2\/posts"}],"about":[{"href":"https:\/\/www.europesays.com\/se\/wp-json\/wp\/v2\/types\/post"}],"author":[{"embeddable":true,"href":"https:\/\/www.europesays.com\/se\/wp-json\/wp\/v2\/users\/2"}],"replies":[{"embeddable":true,"href":"https:\/\/www.europesays.com\/se\/wp-json\/wp\/v2\/comments?post=267145"}],"version-history":[{"count":0,"href":"https:\/\/www.europesays.com\/se\/wp-json\/wp\/v2\/posts\/267145\/revisions"}],"wp:featuredmedia":[{"embeddable":true,"href":"https:\/\/www.europesays.com\/se\/wp-json\/wp\/v2\/media\/267146"}],"wp:attachment":[{"href":"https:\/\/www.europesays.com\/se\/wp-json\/wp\/v2\/media?parent=267145"}],"wp:term":[{"taxonomy":"category","embeddable":true,"href":"https:\/\/www.europesays.com\/se\/wp-json\/wp\/v2\/categories?post=267145"},{"taxonomy":"post_tag","embeddable":true,"href":"https:\/\/www.europesays.com\/se\/wp-json\/wp\/v2\/tags?post=267145"}],"curies":[{"name":"wp","href":"https:\/\/api.w.org\/{rel}","templated":true}]}}