{"id":267521,"date":"2026-06-06T01:35:13","date_gmt":"2026-06-06T01:35:13","guid":{"rendered":"https:\/\/www.europesays.com\/se\/267521\/"},"modified":"2026-06-06T01:35:13","modified_gmt":"2026-06-06T01:35:13","slug":"amazfit-introducerar-nya-smartwatch-funktioner-med-uppdateringen-i-juni","status":"publish","type":"post","link":"https:\/\/www.europesays.com\/se\/267521\/","title":{"rendered":"Amazfit introducerar nya smartwatch-funktioner med uppdateringen i juni"},"content":{"rendered":"<p>\t\t<a href=\"https:\/\/www.notebookcheck.se\/fileadmin\/Notebooks\/News\/_nc5\/amazfitcheetah2pro.jpg\" title=\"Amazfit Cheetah 2 Pro smartwatch f\u00e5r nya funktioner via programuppdatering\" data-caption=\"Amazfit Cheetah 2 Pro smartwatch f\u00e5r nya funktioner via programuppdatering\" rel=\"nofollow noopener\" target=\"_blank\"><img decoding=\"async\" src=\"https:\/\/www.europesays.com\/se\/wp-content\/uploads\/2026\/06\/csm_amazfitcheetah2pro_3fdeb52566.jpg\" loading=\"lazy\" width=\"240\" height=\"180\" alt=\"Amazfit Cheetah 2 Pro smartwatch f\u00e5r nya funktioner via programuppdatering\"\/><\/p>\n<p>\u24d8 Zepp Health<\/p>\n<p><\/a>Amazfit Cheetah 2 Pro smartwatch f\u00e5r nya funktioner via programuppdatering<\/p>\n<p>En kraftfull smartklocka fr\u00e5n Zepp Health f\u00e5r flera nya och potentiellt mycket relevanta funktioner med en uppdatering, och inte bara f\u00f6r idrottare. Tillverkaren har nu publicerat ett s\u00e4rskilt inl\u00e4gg om juni-uppdateringen, d\u00e4r de nya funktionerna f\u00f6r Amazfit Cheetah 2 Pro beskrivs i detalj.<\/p>\n<p class=\"bodytext\">Amazfit <a href=\"http:\/\/www.notebookcheck.net\/New-Amazfit-Cheetah-2-Pro-smartwatch-spotted-in-video.1269352.0.html\" target=\"_self\" class=\"internal-link\" rel=\"nofollow noopener\">Amazfit Cheetah 2 Pro<\/a> \u00e4r en relativt ny smartklocka med ett brett utbud av funktioner som ocks\u00e5 finns tillg\u00e4nglig i Tyskland. Denna funktionsupps\u00e4ttning ut\u00f6kas nu betydligt, och f\u00f6r\u00e4ndringarna \u00e4r tillr\u00e4ckligt stora f\u00f6r att Zepp Health ska ta upp dem igen i ett s\u00e4rskilt inl\u00e4gg p\u00e5 sin egen webbplats och i Amazfit-bloggen. F\u00f6r\u00e4ndringarna \u00e4r dock inte helt nya. \u00c4nd\u00e5 f\u00f6rv\u00e4ntas de medf\u00f6ra betydande f\u00f6rb\u00e4ttringar, s\u00e4rskilt, men inte uteslutande, f\u00f6r idrottare.&#13;<\/p>\n<p class=\"bodytext\">En betydande f\u00f6r\u00e4ndring kommer inte n\u00f6dv\u00e4ndigtvis att vara omedelbart synlig f\u00f6r anv\u00e4ndarna. Enligt Zepp Health har f\u00f6retaget justerat de algoritmer som anv\u00e4nds f\u00f6r att ber\u00e4kna laktattr\u00f6skeln. Denna detektering av laktattr\u00f6skeln \u00e4r i slut\u00e4ndan endast en approximation. De data som erh\u00e5lls under motsvarande kalibrering ska nu ha en systemomfattande effekt. Enligt tillverkaren inneb\u00e4r Launcher 2.0-arkitekturen ocks\u00e5 ytterligare designoptimeringar, som f\u00f6rhoppningsvis ska ge en \u00e4nnu tydligare \u00f6verblick \u00f6ver de f\u00f6r n\u00e4rvarande mest relevanta realtidsparametrarna under tr\u00e4ningspasset. Vibrationsvarningar kan nu konfigureras mer detaljerat. I b\u00e4sta fall kan vibrationsm\u00f6nstret indikera vilken tr\u00e4ningsfas som \u00e4r n\u00e4sta och om den aktuella hj\u00e4rtfrekvensen \u00e4r f\u00f6r h\u00f6g.&#13;<\/p>\n<p class=\"bodytext\">Enligt tillverkaren finns det ocks\u00e5 f\u00f6rb\u00e4ttringar av energieffektiviteten och batterianv\u00e4ndningen f\u00f6r den ficklampa som \u00e4r integrerad i Amazfit Cheetah 2 Pro. Nya navigeringsfunktioner finns ocks\u00e5 tillg\u00e4ngliga, vilket g\u00f6r det m\u00f6jligt att s\u00f6ka efter intressepunkter under en aktivitet, till exempel att leta efter en stormarknad under en cykeltur f\u00f6r att fylla p\u00e5 energif\u00f6rs\u00f6rjningen.<\/p>\n<p>\t<a href=\"\"><img decoding=\"async\" src=\"https:\/\/www.europesays.com\/se\/wp-content\/uploads\/2026\/06\/csm_Enrico-Frahn-Profilbild_f6ca46b205.jpg\" loading=\"lazy\" width=\"120\" height=\"120\" alt=\"Enrico Frahn\"\/><\/a><a href=\"\"><img decoding=\"async\" src=\"https:\/\/www.europesays.com\/se\/wp-content\/uploads\/2026\/06\/1780669815_732_csm_ninh_duy_ee54bf9777.jpg\" loading=\"lazy\" width=\"120\" height=\"120\" alt=\"DeepL \/ Ninh Duy\"\/><\/a>Translator: <a href=\"\" class=\"j_name\">Ninh Ngoc Duy<\/a> &#8211; Editorial Assistant  &#8211; 781330 articles published on Notebookcheck since 2008<\/p>\n","protected":false},"excerpt":{"rendered":"\u24d8 Zepp Health Amazfit Cheetah 2 Pro smartwatch f\u00e5r nya funktioner via programuppdatering En kraftfull smartklocka fr\u00e5n Zepp&hellip;\n","protected":false},"author":2,"featured_media":267522,"comment_status":"","ping_status":"","sticky":false,"template":"","format":"standard","meta":{"footnotes":"","_share_on_mastodon":"0"},"categories":[66],"tags":[20737,7282,7083,22199,7084,7085,19326,80,78,79,34,8784,31,33,32,30,81,84,4669,83,82],"class_list":["post-267521","post","type-post","status-publish","format-standard","has-post-thumbnail","category-vetenskap-och-teknik","tag-amazfit-cheetah-2-pro","tag-barbar","tag-barbar-dator","tag-juni-uppdatering","tag-laptop","tag-notebook","tag-programvara","tag-science","tag-science-and-technology","tag-scienceandtechnology","tag-se","tag-smartwatch","tag-svenska","tag-sverige","tag-sweden","tag-swedish","tag-technology","tag-teknik","tag-uppdatering","tag-vetenskap","tag-vetenskapteknik"],"share_on_mastodon":{"url":"https:\/\/pubeurope.com\/@se\/116700599255352545","error":""},"_links":{"self":[{"href":"https:\/\/www.europesays.com\/se\/wp-json\/wp\/v2\/posts\/267521","targetHints":{"allow":["GET"]}}],"collection":[{"href":"https:\/\/www.europesays.com\/se\/wp-json\/wp\/v2\/posts"}],"about":[{"href":"https:\/\/www.europesays.com\/se\/wp-json\/wp\/v2\/types\/post"}],"author":[{"embeddable":true,"href":"https:\/\/www.europesays.com\/se\/wp-json\/wp\/v2\/users\/2"}],"replies":[{"embeddable":true,"href":"https:\/\/www.europesays.com\/se\/wp-json\/wp\/v2\/comments?post=267521"}],"version-history":[{"count":0,"href":"https:\/\/www.europesays.com\/se\/wp-json\/wp\/v2\/posts\/267521\/revisions"}],"wp:featuredmedia":[{"embeddable":true,"href":"https:\/\/www.europesays.com\/se\/wp-json\/wp\/v2\/media\/267522"}],"wp:attachment":[{"href":"https:\/\/www.europesays.com\/se\/wp-json\/wp\/v2\/media?parent=267521"}],"wp:term":[{"taxonomy":"category","embeddable":true,"href":"https:\/\/www.europesays.com\/se\/wp-json\/wp\/v2\/categories?post=267521"},{"taxonomy":"post_tag","embeddable":true,"href":"https:\/\/www.europesays.com\/se\/wp-json\/wp\/v2\/tags?post=267521"}],"curies":[{"name":"wp","href":"https:\/\/api.w.org\/{rel}","templated":true}]}}