{"id":267600,"date":"2026-06-06T04:49:10","date_gmt":"2026-06-06T04:49:10","guid":{"rendered":"https:\/\/www.europesays.com\/se\/267600\/"},"modified":"2026-06-06T04:49:10","modified_gmt":"2026-06-06T04:49:10","slug":"oliver-ingrossos-pengaklirr-plockar-ut-fyra-miljoner-kronor","status":"publish","type":"post","link":"https:\/\/www.europesays.com\/se\/267600\/","title":{"rendered":"Oliver Ingrossos pengaklirr \u2013 plockar ut fyra miljoner kronor"},"content":{"rendered":"<p>Publicerad 6 jun 2026 kl 06.30<\/p>\n<p>Det g\u00e5r bra f\u00f6r kr\u00f6garen Oliver Ingrosso.<\/p>\n<p>Nyligen plockade k\u00e4ndissonen ut en imponerande utdelning fr\u00e5n sitt privata \u00e4garbolag \u2013 p\u00e5 flera miljoner.\u00a0<\/p>\n<p><img   alt=\"\"\/><\/p>\n<p>Oliver Ingrosso plockar ut fyra miljoner kronor fr\u00e5n bolaget.<\/p>\n<p>Foto: OLLE SPORRONG<\/p>\n<p>\u00d6ppna bild i helsk\u00e4rm<img loading=\"lazy\"   alt=\"\"\/><\/p>\n<p>Ingrosso med syskonen Bianca och Benjamin.<\/p>\n<p>Foto: Pontus Lundahl \/ TT NYHETSBYR\u00c5N<\/p>\n<p>\u00d6ppna bild i helsk\u00e4rm<\/p>\n<p>I den f\u00e4rska \u00e5rsredovisningen f\u00f6r <a href=\"https:\/\/www.expressen.se\/tagg\/person\/oliver-ingrosso\/\" class=\"\" rel=\"nofollow noopener\" target=\"_blank\">Oliver Ingrossos<\/a> \u00e4garbolag, Manaton AB, framg\u00e5r det att k\u00e4ndiskr\u00f6garen unnat sig lite extra l\u00f6n.<\/p>\n<p>I f\u00f6rvaltningsber\u00e4ttelsen f\u00f6r r\u00e4kenskaps\u00e5ret 2025 f\u00f6resl\u00e5r styrelsen, d\u00e4r Ingrosso \u00e4r ensam ledamot, en utdelning p\u00e5 fyra miljoner kronor.<\/p>\n<p>Kapitalet i Manaton AB kommer till st\u00f6rsta del fr\u00e5n driftbolaget Festivus Jakobsbergsgatan 21 AB d\u00e4r Manaton AB \u00e4r \u00e4gare.<\/p>\n<p>Driftbolaget driver den popul\u00e4ra italienska krogen Olli Ristorante i centrala Stockholm som \u00f6ppnade h\u00f6sten 2022.<\/p>\n<p>\u00c4ven Festivus Jakobsbergsgatan 21 AB har haft ett framg\u00e5ngsrikt \u00e5r.\u00a0<\/p>\n<p>Enligt \u00e5rsredovisningen f\u00f6r 2025 f\u00f6resl\u00e5s en utdelning p\u00e5 6,5 miljoner kronor till \u00e4garna. Bolaget omsatte 50,6 miljoner kronor under \u00e5ret och redovisar ett resultat p\u00e5 6,8 miljoner kronor efter skatt.<\/p>\n<p>Expressen har s\u00f6kt Ingrosso.\u00a0<\/p>\n","protected":false},"excerpt":{"rendered":"Publicerad 6 jun 2026 kl 06.30 Det g\u00e5r bra f\u00f6r kr\u00f6garen Oliver Ingrosso. Nyligen plockade k\u00e4ndissonen ut en&hellip;\n","protected":false},"author":2,"featured_media":267601,"comment_status":"","ping_status":"","sticky":false,"template":"","format":"standard","meta":{"footnotes":"","_share_on_mastodon":"0"},"categories":[67],"tags":[104,440,14175,34,31,33,32,30,17578,965,105],"class_list":["post-267600","post","type-post","status-publish","format-standard","has-post-thumbnail","category-underhallning","tag-entertainment","tag-function-unga","tag-person-oliver-ingrosso","tag-se","tag-svenska","tag-sverige","tag-sweden","tag-swedish","tag-topic-kandisnyheter","tag-topic-restaurang","tag-underhallning"],"share_on_mastodon":{"url":"https:\/\/pubeurope.com\/@se\/116701361997146056","error":""},"_links":{"self":[{"href":"https:\/\/www.europesays.com\/se\/wp-json\/wp\/v2\/posts\/267600","targetHints":{"allow":["GET"]}}],"collection":[{"href":"https:\/\/www.europesays.com\/se\/wp-json\/wp\/v2\/posts"}],"about":[{"href":"https:\/\/www.europesays.com\/se\/wp-json\/wp\/v2\/types\/post"}],"author":[{"embeddable":true,"href":"https:\/\/www.europesays.com\/se\/wp-json\/wp\/v2\/users\/2"}],"replies":[{"embeddable":true,"href":"https:\/\/www.europesays.com\/se\/wp-json\/wp\/v2\/comments?post=267600"}],"version-history":[{"count":0,"href":"https:\/\/www.europesays.com\/se\/wp-json\/wp\/v2\/posts\/267600\/revisions"}],"wp:featuredmedia":[{"embeddable":true,"href":"https:\/\/www.europesays.com\/se\/wp-json\/wp\/v2\/media\/267601"}],"wp:attachment":[{"href":"https:\/\/www.europesays.com\/se\/wp-json\/wp\/v2\/media?parent=267600"}],"wp:term":[{"taxonomy":"category","embeddable":true,"href":"https:\/\/www.europesays.com\/se\/wp-json\/wp\/v2\/categories?post=267600"},{"taxonomy":"post_tag","embeddable":true,"href":"https:\/\/www.europesays.com\/se\/wp-json\/wp\/v2\/tags?post=267600"}],"curies":[{"name":"wp","href":"https:\/\/api.w.org\/{rel}","templated":true}]}}