{"id":26762,"date":"2025-09-10T18:15:17","date_gmt":"2025-09-10T18:15:17","guid":{"rendered":"https:\/\/www.europesays.com\/se\/26762\/"},"modified":"2025-09-10T18:15:17","modified_gmt":"2025-09-10T18:15:17","slug":"israeliska-anfall-mot-huthirebeller-i-jemen","status":"publish","type":"post","link":"https:\/\/www.europesays.com\/se\/26762\/","title":{"rendered":"Israeliska anfall mot huthirebeller i Jemen"},"content":{"rendered":"<p>Israel har utf\u00f6rt flyganfall i Jemens huvudstad Sanaa, rapporterar flera medier. Inv\u00e5nare som AP talat med vittnar om kraftiga explosioner och r\u00f6k som stiger mot himlen, och attackerna bekr\u00e4ftas av s\u00e5v\u00e4l Israels milit\u00e4r (IDF) som en tv-kanal som kontrolleras av de Iranst\u00f6dda huthirebellerna. <\/p>\n<p>Enligt Israel riktades flyganfallen mot milit\u00e4ra l\u00e4ger, gruppens kommunikationskvarter och en br\u00e4nsledep\u00e5. <\/p>\n<p>Enligt AFP har Israel \u00e5terkommande genomf\u00f6rt flyganfall mot rebellerna, som svar p\u00e5 dr\u00f6nar- och raketbeskjutning mot Israel. <\/p>\n<p>Omni \u00e4r politiskt obundna och oberoende. Vi str\u00e4var efter att ge fler perspektiv p\u00e5 nyheterna. Har du fr\u00e5gor eller synpunkter kring v\u00e5r rapportering? <a href=\"https:\/\/omni.se\/israeliska-anfall-mot-huthirebeller-i-jemen\/a\/mailto:redaktion@omni.se\" class=\"ArticleActions_contactLink__W2F1M\" rel=\"nofollow noopener\" target=\"_blank\">Kontakta redaktionen<\/a><\/p>\n","protected":false},"excerpt":{"rendered":"Israel har utf\u00f6rt flyganfall i Jemens huvudstad Sanaa, rapporterar flera medier. Inv\u00e5nare som AP talat med vittnar om&hellip;\n","protected":false},"author":2,"featured_media":26763,"comment_status":"","ping_status":"","sticky":false,"template":"","format":"standard","meta":{"footnotes":""},"categories":[5],"tags":[22,23,26,27,17,21,342,3111,24,25,28,29,124,125,15,16,18,34,31,33,32,30,19,20],"class_list":{"0":"post-26762","1":"post","2":"type-post","3":"status-publish","4":"format-standard","5":"has-post-thumbnail","7":"category-rubriker","8":"tag-breaking-news","9":"tag-breakingnews","10":"tag-featured-news","11":"tag-featurednews","12":"tag-headlines","13":"tag-huvudnyheter","14":"tag-israel","15":"tag-jemen","16":"tag-latest-news","17":"tag-latestnews","18":"tag-main-news","19":"tag-mainnews","20":"tag-mellanostern","21":"tag-mellanosternkrisen","22":"tag-news","23":"tag-nyheter","24":"tag-rubriker","25":"tag-se","26":"tag-svenska","27":"tag-sverige","28":"tag-sweden","29":"tag-swedish","30":"tag-top-stories","31":"tag-topstories"},"share_on_mastodon":{"url":"","error":""},"_links":{"self":[{"href":"https:\/\/www.europesays.com\/se\/wp-json\/wp\/v2\/posts\/26762","targetHints":{"allow":["GET"]}}],"collection":[{"href":"https:\/\/www.europesays.com\/se\/wp-json\/wp\/v2\/posts"}],"about":[{"href":"https:\/\/www.europesays.com\/se\/wp-json\/wp\/v2\/types\/post"}],"author":[{"embeddable":true,"href":"https:\/\/www.europesays.com\/se\/wp-json\/wp\/v2\/users\/2"}],"replies":[{"embeddable":true,"href":"https:\/\/www.europesays.com\/se\/wp-json\/wp\/v2\/comments?post=26762"}],"version-history":[{"count":0,"href":"https:\/\/www.europesays.com\/se\/wp-json\/wp\/v2\/posts\/26762\/revisions"}],"wp:featuredmedia":[{"embeddable":true,"href":"https:\/\/www.europesays.com\/se\/wp-json\/wp\/v2\/media\/26763"}],"wp:attachment":[{"href":"https:\/\/www.europesays.com\/se\/wp-json\/wp\/v2\/media?parent=26762"}],"wp:term":[{"taxonomy":"category","embeddable":true,"href":"https:\/\/www.europesays.com\/se\/wp-json\/wp\/v2\/categories?post=26762"},{"taxonomy":"post_tag","embeddable":true,"href":"https:\/\/www.europesays.com\/se\/wp-json\/wp\/v2\/tags?post=26762"}],"curies":[{"name":"wp","href":"https:\/\/api.w.org\/{rel}","templated":true}]}}