{"id":26790,"date":"2025-09-10T18:57:25","date_gmt":"2025-09-10T18:57:25","guid":{"rendered":"https:\/\/www.europesays.com\/se\/26790\/"},"modified":"2025-09-10T18:57:25","modified_gmt":"2025-09-10T18:57:25","slug":"norsk-kross-efter-fem-mal-av-haaland-fotboll","status":"publish","type":"post","link":"https:\/\/www.europesays.com\/se\/26790\/","title":{"rendered":"Norsk kross efter fem m\u00e5l av Haaland | Fotboll"},"content":{"rendered":"<p>Publicerad 9 sep 2025 kl 21.37Uppdaterad kl 23.22<\/p>\n<p>Norge krossade Moldavien med 11\u20131 efter en historisk femm\u00e5lsinsats av Erling Haaland.<\/p>\n<p>Efter\u00e5t var gl\u00e4djen s\u00e5 pass stor att polis och vakter tvingades skydda spelarna.<\/p>\n<p>\u2013 Det \u00e4r ganska sjukt det h\u00e4r. Det talar f\u00f6r sig sj\u00e4lvt, s\u00e4ger Haaland <a href=\"https:\/\/www.tv2.no\/sport\/braut-haaland-til-tv-2-ligger-mye-press-pa-skuldrene-vare\/18083437\/\" rel=\"nofollow noopener\" target=\"_blank\">till TV2<\/a>.<\/p>\n<p><img   alt=\"\"\/><\/p>\n<p>Erling Haaland gjorde fem (!) m\u00e5l och blev historisk.<\/p>\n<p>Foto: MARIUS SIMENSEN \/ BILDBYR\u00c5N<\/p>\n<p>\u00d6ppna bild i helsk\u00e4rm<img loading=\"lazy\"   alt=\"\"\/><\/p>\n<p>Den norska publiken fick jubla elva g\u00e5nger efter tolv (!) norska m\u00e5l.<\/p>\n<p>Foto: MARIUS SIMENSEN \/ BILDBYR\u00c5N<\/p>\n<p>\u00d6ppna bild i helsk\u00e4rm<img loading=\"lazy\"   alt=\"\"\/>\u00d6ppna bild i helsk\u00e4rm<\/p>\n<p>Det norska fotbollslandslaget har g\u00e5tt som t\u00e5get hittills i VM-kvalet.<\/p>\n<p>Fem raka segrar har det blivit innan tisdagens m\u00f6te med Moldavien hemma i Oslo och ledningen i kvalgruppen har varit stens\u00e4ker.<\/p>\n<p>Nu forts\u00e4tter de p\u00e5 den inslagna v\u00e4gen i allra h\u00f6gsta grad.<\/p>\n<p>F\u00f6r det gick undan, inte minst tack vare <a href=\"https:\/\/www.expressen.se\/tagg\/person\/erling-haaland\/\" class=\"\" rel=\"nofollow noopener\" target=\"_blank\">Erling Haalands<\/a> hattrick.<\/p>\n<p>\u2713 1\u20130 av Felix Horn Myhre i efter sex minuter.<\/p>\n<p>\u2713 2\u20130 av Erling Haaland i elva minuter.<\/p>\n<p>\u2713 3\u20130 Erling Haaland efter 36 minuter.<\/p>\n<p>\u2713 4\u20130 Erling Haaland efter 43 minuter.<\/p>\n<p>\u2713 5\u20130 av Martin \u00d6degaard efter 46 minuter.<\/p>\n<p>Den galna f\u00f6rsta halvleken fick de norska experterna att g\u00e5 upp i limningen.<\/p>\n<p>\u2013 Det h\u00e4r blir inte vackert&#8230; det \u00e4r helt galet, s\u00e4ger <a href=\"https:\/\/www.dagbladet.no\/sport\/sjokkerer-helt-vilt\/83570867\" rel=\"nofollow noopener\" target=\"_blank\">Dagbladets<\/a> expert Bernt Hulsker.<\/p>\n<p>Orden om Haaland: \u201dG\u00e5r inte&#8230;\u201d<\/p>\n<p>Andra halvleken d\u00e5?<\/p>\n<p>Den s\u00e5g ut enligt f\u00f6ljande:<\/p>\n<p>\u2713 6\u20130 av Erling Haaland i minut 52.<\/p>\n<p>\u2713 7\u20130 av Thelo Aasgaard i minut 67.<\/p>\n<p>\u2713 7\u20131 via ett sj\u00e4lvm\u00e5l av Norges Leo \u00d6stig\u00e5rd i minut 74.<\/p>\n<p>\u2713 8\u20131 av Thelo Aasgaard i minut 76.<\/p>\n<p>\u2713 9\u20131 av Thelo Aasgaard i minut 79.<\/p>\n<p>\u2713 10\u20131 av Erling Haaland i minut 83.<\/p>\n<p>\u2713 11\u20131 av Thelo Aasgaard i minut 91.<\/p>\n<p>Haaland hyllas av f\u00f6rbundskaptenen St\u00e5le Solbakken.<\/p>\n<p>\u2013 Det g\u00e5r inte att g\u00f6ra det b\u00e4ttre. Fem m\u00e5l, tv\u00e5 assist och s\u00e5 ger han bort en straff, s\u00e4ger Solbakken om Haaland.<\/p>\n<p>Polis och vakter tvingades agera<\/p>\n<p>P\u00e5 kuppen hade allts\u00e5 \u00e4ven Thelo Aasgaard blivit fyram\u00e5lsskytt, Erling Haaland lyckats g\u00f6ra sitt femte m\u00e5l f\u00f6r kv\u00e4llen och norrmannen Leo \u00d6stig\u00e5rd gjort Norges tolfte m\u00e5l men i fel m\u00e5lbur.<\/p>\n<p>I och med Haalands m\u00e5l i minut 83 tangerade han ett 81 \u00e5r gammalt rekord. Det som spelaren som gjort flest m\u00e5l i en och samma match f\u00f6r Norge.<\/p>\n<p>\u2013 Jag saknar ord, jag \u00e4r s\u00e5 glad, s\u00e4ger Thelo Aasgaard till norska TV2.<\/p>\n<p>Enligt Dagbladet stormade delar av publiken planen i ren gl\u00e4dje efter\u00e5t, s\u00e5 pass att polis och vakter tvingades skydda spelarna.<\/p>\n<p>\u2013 Det \u00e4r ganska sjukt det h\u00e4r. Det talar f\u00f6r sig sj\u00e4lvt, s\u00e4ger Haaland <a href=\"https:\/\/www.tv2.no\/sport\/braut-haaland-til-tv-2-ligger-mye-press-pa-skuldrene-vare\/18083437\/\" rel=\"nofollow noopener\" target=\"_blank\">till TV2<\/a>.<\/p>\n<p>Kvalet till fotbolls-VM 2026 forts\u00e4tter i oktober.<\/p>\n","protected":false},"excerpt":{"rendered":"Publicerad 9 sep 2025 kl 21.37Uppdaterad kl 23.22 Norge krossade Moldavien med 11\u20131 efter en historisk femm\u00e5lsinsats av&hellip;\n","protected":false},"author":2,"featured_media":26791,"comment_status":"","ping_status":"","sticky":false,"template":"","format":"standard","meta":{"footnotes":""},"categories":[68],"tags":[3112,34,129,111,110,31,33,32,30],"class_list":{"0":"post-26790","1":"post","2":"type-post","3":"status-publish","4":"format-standard","5":"has-post-thumbnail","7":"category-sport","8":"tag-person-erling-haaland","9":"tag-se","10":"tag-sections-fotboll","11":"tag-sport","12":"tag-sports","13":"tag-svenska","14":"tag-sverige","15":"tag-sweden","16":"tag-swedish"},"share_on_mastodon":{"url":"","error":""},"_links":{"self":[{"href":"https:\/\/www.europesays.com\/se\/wp-json\/wp\/v2\/posts\/26790","targetHints":{"allow":["GET"]}}],"collection":[{"href":"https:\/\/www.europesays.com\/se\/wp-json\/wp\/v2\/posts"}],"about":[{"href":"https:\/\/www.europesays.com\/se\/wp-json\/wp\/v2\/types\/post"}],"author":[{"embeddable":true,"href":"https:\/\/www.europesays.com\/se\/wp-json\/wp\/v2\/users\/2"}],"replies":[{"embeddable":true,"href":"https:\/\/www.europesays.com\/se\/wp-json\/wp\/v2\/comments?post=26790"}],"version-history":[{"count":0,"href":"https:\/\/www.europesays.com\/se\/wp-json\/wp\/v2\/posts\/26790\/revisions"}],"wp:featuredmedia":[{"embeddable":true,"href":"https:\/\/www.europesays.com\/se\/wp-json\/wp\/v2\/media\/26791"}],"wp:attachment":[{"href":"https:\/\/www.europesays.com\/se\/wp-json\/wp\/v2\/media?parent=26790"}],"wp:term":[{"taxonomy":"category","embeddable":true,"href":"https:\/\/www.europesays.com\/se\/wp-json\/wp\/v2\/categories?post=26790"},{"taxonomy":"post_tag","embeddable":true,"href":"https:\/\/www.europesays.com\/se\/wp-json\/wp\/v2\/tags?post=26790"}],"curies":[{"name":"wp","href":"https:\/\/api.w.org\/{rel}","templated":true}]}}