{"id":26800,"date":"2025-09-10T19:07:10","date_gmt":"2025-09-10T19:07:10","guid":{"rendered":"https:\/\/www.europesays.com\/se\/26800\/"},"modified":"2025-09-10T19:07:10","modified_gmt":"2025-09-10T19:07:10","slug":"fm26-far-release-date-da-slapps-efterlangtade-spelet","status":"publish","type":"post","link":"https:\/\/www.europesays.com\/se\/26800\/","title":{"rendered":"FM26 f\u00e5r release date \u2013 d\u00e5 sl\u00e4pps efterl\u00e4ngtade spelet"},"content":{"rendered":"<p>Publicerad 10 sep 2025 kl 18.00Uppdaterad kl 18.21<\/p>\n<p>F\u00f6rra \u00e5rets spel skrotades.<\/p>\n<p>Nu har d\u00e4remot datumet f\u00f6r FM26 till slut offentliggjorts.<\/p>\n<p>\u2013 Att f\u00f6rbereda Sports Interactive f\u00f6r de kommande 20 \u00e5ren och l\u00e4ngre fram har varit en enorm uppgift, s\u00e4ger Miles Jacobson p\u00e5 Sports Interactive i ett pressmeddelande.<\/p>\n<p><img   alt=\"\"\/> <\/p>\n<p>Foto: Sports Interactive \/ SEGA<\/p>\n<p>\u00d6ppna bild i helsk\u00e4rm<img loading=\"lazy\"   alt=\"\"\/> <\/p>\n<p>Foto: Sports Interactive \/ SEGA<\/p>\n<p>\u00d6ppna bild i helsk\u00e4rm<img loading=\"lazy\"   alt=\"\"\/> <\/p>\n<p>Foto: Sports Interactive \/ SEGA<\/p>\n<p>\u00d6ppna bild i helsk\u00e4rm<img loading=\"lazy\"   alt=\"\"\/> <\/p>\n<p>Foto: Sports Interactive \/ SEGA<\/p>\n<p>\u00d6ppna bild i helsk\u00e4rm<\/p>\n<p>Det har kallats den st\u00f6rsta uppgraderingen p\u00e5 20 \u00e5r f\u00f6r spelserien n\u00e4r Football Manager 26 f\u00e5r en ny spelmotor; Unity.<\/p>\n<p>Samtidigt kommer spelare f\u00f6r f\u00f6rsta g\u00e5ngen kunna bli huvudtr\u00e4nare f\u00f6r damlag.<\/p>\n<p>Med hj\u00e4lp av nya volymetriska animationer h\u00e4mtade fr\u00e5n verkliga matcher samt kraftigt f\u00f6rb\u00e4ttrade grafiska detaljer utlovas matcherna se betydligt mer realistiska ut \u00e4n n\u00e5gonsin.<\/p>\n<p>Ut\u00f6ver det f\u00e5r spelet ett helt nytt gr\u00e4nssnitt som ska vara mer intuitivt \u00e4n tidigare \u2013 bland mycket annat.<\/p>\n<p>D\u00e5 sl\u00e4pps Football Manager 26<\/p>\n<p>Spelet hade planerat att sl\u00e4ppas redan i fjol, men sk\u00f6ts fram till i mars innan det till slut skrotades. Men nu \u00e4r den tv\u00e5 \u00e5r l\u00e5nga v\u00e4ntan p\u00e5 ett nytt spel snart \u00f6ver.<\/p>\n<p>Den <strong>4 november<\/strong> sl\u00e4pps FM26 \u2013 men redan tv\u00e5 veckor innan g\u00e5r det att spela spelet f\u00f6r de som f\u00f6rbokat.\u00a0<\/p>\n<p>Fr\u00e5n dag ett kommer det ut\u00f6ver p\u00e5 pc \u00e4ven g\u00e5 att spela p\u00e5 Xbox och Playstation 5 och den 4 december kommer FM26 Touch till Nintendo Switch.\u00a0<\/p>\n<p>Football Manager 26 Mobile lanseras ocks\u00e5 exklusivt p\u00e5 Netflix \u2013 men mobilversionen f\u00e5r inte nya spelmotorn.<\/p>\n<p>\u2013 FM26 markerar ett historiskt steg i v\u00e5r str\u00e4van efter att skapa den ultimata football management-upplevelsen, och hela studion ser fram emot att dela den med v\u00e4rlden, s\u00e4ger Miles Jacobson p\u00e5 Sports Interactive i ett pressmeddelande.<\/p>\n<p>Trots den nya spelmotorn kommer det g\u00e5 att f\u00f6ra \u00f6ver sparade spel fr\u00e5n b\u00e5de FM23 och FM24 till det nya spelet.<\/p>\n","protected":false},"excerpt":{"rendered":"Publicerad 10 sep 2025 kl 18.00Uppdaterad kl 18.21 F\u00f6rra \u00e5rets spel skrotades. Nu har d\u00e4remot datumet f\u00f6r FM26&hellip;\n","protected":false},"author":2,"featured_media":26801,"comment_status":"","ping_status":"","sticky":false,"template":"","format":"standard","meta":{"footnotes":""},"categories":[66],"tags":[80,78,79,34,755,31,33,32,30,81,84,83,82],"class_list":{"0":"post-26800","1":"post","2":"type-post","3":"status-publish","4":"format-standard","5":"has-post-thumbnail","7":"category-vetenskap-och-teknik","8":"tag-science","9":"tag-science-and-technology","10":"tag-scienceandtechnology","11":"tag-se","12":"tag-sections-esport","13":"tag-svenska","14":"tag-sverige","15":"tag-sweden","16":"tag-swedish","17":"tag-technology","18":"tag-teknik","19":"tag-vetenskap","20":"tag-vetenskapteknik"},"share_on_mastodon":{"url":"","error":""},"_links":{"self":[{"href":"https:\/\/www.europesays.com\/se\/wp-json\/wp\/v2\/posts\/26800","targetHints":{"allow":["GET"]}}],"collection":[{"href":"https:\/\/www.europesays.com\/se\/wp-json\/wp\/v2\/posts"}],"about":[{"href":"https:\/\/www.europesays.com\/se\/wp-json\/wp\/v2\/types\/post"}],"author":[{"embeddable":true,"href":"https:\/\/www.europesays.com\/se\/wp-json\/wp\/v2\/users\/2"}],"replies":[{"embeddable":true,"href":"https:\/\/www.europesays.com\/se\/wp-json\/wp\/v2\/comments?post=26800"}],"version-history":[{"count":0,"href":"https:\/\/www.europesays.com\/se\/wp-json\/wp\/v2\/posts\/26800\/revisions"}],"wp:featuredmedia":[{"embeddable":true,"href":"https:\/\/www.europesays.com\/se\/wp-json\/wp\/v2\/media\/26801"}],"wp:attachment":[{"href":"https:\/\/www.europesays.com\/se\/wp-json\/wp\/v2\/media?parent=26800"}],"wp:term":[{"taxonomy":"category","embeddable":true,"href":"https:\/\/www.europesays.com\/se\/wp-json\/wp\/v2\/categories?post=26800"},{"taxonomy":"post_tag","embeddable":true,"href":"https:\/\/www.europesays.com\/se\/wp-json\/wp\/v2\/tags?post=26800"}],"curies":[{"name":"wp","href":"https:\/\/api.w.org\/{rel}","templated":true}]}}