{"id":26824,"date":"2025-09-10T19:31:08","date_gmt":"2025-09-10T19:31:08","guid":{"rendered":"https:\/\/www.europesays.com\/se\/26824\/"},"modified":"2025-09-10T19:31:08","modified_gmt":"2025-09-10T19:31:08","slug":"forskare-har-sett-tecken-pa-forntida-liv-pa-mars","status":"publish","type":"post","link":"https:\/\/www.europesays.com\/se\/26824\/","title":{"rendered":"Forskare har sett tecken p\u00e5 forntida liv p\u00e5 Mars"},"content":{"rendered":"<p>N\u00e4r forskare fr\u00e5n Stony Brook-universitetet analyserade en sten fr\u00e5n Mars s\u00e5g de tecken p\u00e5 att det kan ha funnits mikroorganismer p\u00e5 planeten, rapporterar Reuters. <\/p>\n<p>Uppt\u00e4ckten, som publicerades i tidskriften Nature under onsdagen, \u00e4r en av de st\u00f6rsta indikationerna hittills p\u00e5 att det kan ha funnits liv p\u00e5 Mars. <\/p>\n<p>Stenen som analyserades h\u00e4mtades fr\u00e5n planetens norra del, i ett omr\u00e5de d\u00e4r det f\u00f6rr i tiden fanns vatten. Det \u00e4r uppt\u00e4ckten av tv\u00e5 mineraler som verkar ha bildats genom kemiska reaktioner som f\u00f6rv\u00e5nar forskarna. P\u00e5 jorden drivs s\u00e5dana reaktioner ofta p\u00e5 av mikroorganismer. <\/p>\n<p>Omni \u00e4r politiskt obundna och oberoende. Vi str\u00e4var efter att ge fler perspektiv p\u00e5 nyheterna. Har du fr\u00e5gor eller synpunkter kring v\u00e5r rapportering? <a href=\"https:\/\/omni.se\/forskare-har-sett-tecken-pa-forntida-liv-pa-mars\/a\/mailto:redaktion@omni.se\" class=\"ArticleActions_contactLink__W2F1M\" rel=\"nofollow noopener\" target=\"_blank\">Kontakta redaktionen<\/a><\/p>\n","protected":false},"excerpt":{"rendered":"N\u00e4r forskare fr\u00e5n Stony Brook-universitetet analyserade en sten fr\u00e5n Mars s\u00e5g de tecken p\u00e5 att det kan ha&hellip;\n","protected":false},"author":2,"featured_media":26825,"comment_status":"","ping_status":"","sticky":false,"template":"","format":"standard","meta":{"footnotes":""},"categories":[66],"tags":[3122,3121,370,80,78,79,34,31,33,32,30,81,84,83,82],"class_list":{"0":"post-26824","1":"post","2":"type-post","3":"status-publish","4":"format-standard","5":"has-post-thumbnail","7":"category-vetenskap-och-teknik","8":"tag-nasa","9":"tag-nature","10":"tag-rymden","11":"tag-science","12":"tag-science-and-technology","13":"tag-scienceandtechnology","14":"tag-se","15":"tag-svenska","16":"tag-sverige","17":"tag-sweden","18":"tag-swedish","19":"tag-technology","20":"tag-teknik","21":"tag-vetenskap","22":"tag-vetenskapteknik"},"share_on_mastodon":{"url":"","error":""},"_links":{"self":[{"href":"https:\/\/www.europesays.com\/se\/wp-json\/wp\/v2\/posts\/26824","targetHints":{"allow":["GET"]}}],"collection":[{"href":"https:\/\/www.europesays.com\/se\/wp-json\/wp\/v2\/posts"}],"about":[{"href":"https:\/\/www.europesays.com\/se\/wp-json\/wp\/v2\/types\/post"}],"author":[{"embeddable":true,"href":"https:\/\/www.europesays.com\/se\/wp-json\/wp\/v2\/users\/2"}],"replies":[{"embeddable":true,"href":"https:\/\/www.europesays.com\/se\/wp-json\/wp\/v2\/comments?post=26824"}],"version-history":[{"count":0,"href":"https:\/\/www.europesays.com\/se\/wp-json\/wp\/v2\/posts\/26824\/revisions"}],"wp:featuredmedia":[{"embeddable":true,"href":"https:\/\/www.europesays.com\/se\/wp-json\/wp\/v2\/media\/26825"}],"wp:attachment":[{"href":"https:\/\/www.europesays.com\/se\/wp-json\/wp\/v2\/media?parent=26824"}],"wp:term":[{"taxonomy":"category","embeddable":true,"href":"https:\/\/www.europesays.com\/se\/wp-json\/wp\/v2\/categories?post=26824"},{"taxonomy":"post_tag","embeddable":true,"href":"https:\/\/www.europesays.com\/se\/wp-json\/wp\/v2\/tags?post=26824"}],"curies":[{"name":"wp","href":"https:\/\/api.w.org\/{rel}","templated":true}]}}