{"id":26888,"date":"2025-09-10T21:03:16","date_gmt":"2025-09-10T21:03:16","guid":{"rendered":"https:\/\/www.europesays.com\/se\/26888\/"},"modified":"2025-09-10T21:03:16","modified_gmt":"2025-09-10T21:03:16","slug":"debatten-i-riksdagen-visade-att-s-lar-fa-problem","status":"publish","type":"post","link":"https:\/\/www.europesays.com\/se\/26888\/","title":{"rendered":"Debatten i riksdagen visade att S l\u00e4r f\u00e5 problem"},"content":{"rendered":"<p>Publicerad 10 sep 2025 kl 15.49Uppdaterad kl 20.12<\/p>\n<p>De r\u00f6dgr\u00f6na partiernas splittring \u00e4r ett hot mot Sveriges stabilitet. V\u00e4ljarna har r\u00e4tt att f\u00e5 tydliga besked \u2013 f\u00f6re valet.<\/p>\n<p><img   alt=\"\"\/><\/p>\n<p>Statsminister Ulf Kristersson, Moderaterna.<\/p>\n<p>Foto: Fredrik Sandberg\/TT \/ TT NYHETSBYR\u00c5N<\/p>\n<p>\u00d6ppna bild i helsk\u00e4rm<img loading=\"lazy\"   alt=\"\"\/><\/p>\n<p>Oppositionsledaren Magdalena Andersson, Socialdemokraterna.<\/p>\n<p>Foto: Claudio Bresciani\/TT \/ TT NYHETSBYR\u00c5N<\/p>\n<p>\u00d6ppna bild i helsk\u00e4rm<img loading=\"lazy\"   alt=\"\"\/><\/p>\n<p>I Norge kallas den r\u00f6dgr\u00f6na sidan tuttifrutti.<\/p>\n<p>Foto: BERTIL ERICSON \/ TT NYHETSBYR\u00c5N<\/p>\n<p>\u00d6ppna bild i helsk\u00e4rm<\/p>\n<p>Tuttifrutti kallas den r\u00f6dgr\u00f6na sidan av politiken i Norge, efter gel\u00e9godiset som kommer i olika f\u00e4rger och \u00e4r lite f\u00f6r s\u00f6tt.\u00a0<\/p>\n<p>Om oppositionspartierna i Sverige skulle vara ett snack skulle det snarare vara jordgubbar med vitl\u00f6ksdipp. Det sk\u00e4r sig. Att den r\u00f6dgr\u00f6na sidan kommer att f\u00e5 sv\u00e5rt att f\u00e5 ihop ett stabilt regeringssamarbete om den vinner valet blev tydligt under den stora <a href=\"https:\/\/www.riksdagen.se\/sv\/webb-tv\/video\/partiledardebatt\/partiledardebatt_hdc120250910pd\/\" rel=\"nofollow noopener\" target=\"_blank\">partiledardebatten<\/a> i riksdagen p\u00e5 onsdagen. N\u00e5gon r\u00f6dgr\u00f6n tr\u00e5d fanns inte.<\/p>\n<p>V\u00e4nsterledaren Nooshi Dadgostar inledde med att angripa Tid\u00f6regeringens ekonomiska h\u00f6gerpolitik. Regeringen bryr sig inte om att m\u00e4nniskor ligger vakna om n\u00e4tterna f\u00f6r att de oroar sig \u00f6ver hyresh\u00f6jningar, sa hon. Sedan tog Centerpartiets representant i riksdagen, Rickard Nordin, till orda. Han anklagade regeringen f\u00f6r att inte bry sig om f\u00f6retagen.<\/p>\n<p><strong>S\u00e5 fortsatte det. N\u00e4r Magdalena Andersson fick fr\u00e5gan av statsminister Ulf Kristersson om hur hon ska sy ihop den nya, tuffa S-politiken med V och MP blev hon svaret skyldig.<\/strong><\/p>\n<p>Tid\u00f6partierna har under de senaste veckorna f\u00e5tt legitim kritik f\u00f6r att inte tala med en r\u00f6st g\u00e4llande konflikten i Mellan\u00f6stern. Men den oenigheten \u00e4r ingenting mot den splittring som finns till v\u00e4nster. <a href=\"https:\/\/www.expressen.se\/tagg\/person\/magdalena-andersson\/\" class=\"\" rel=\"nofollow noopener\" target=\"_blank\">Magdalena Andersson<\/a> talar sig g\u00e4rna varm f\u00f6r att det beh\u00f6vs en stabil och handlingskraftig regering efter valet. Hur ska den se ut?<\/p>\n<blockquote><p>Stabilitet \u00e4r inte samma sak som ett uppbl\u00e5st socialdemokratiskt sj\u00e4lvf\u00f6rtroende.<\/p><\/blockquote>\n<p>Om hon inte kan svara p\u00e5 den fr\u00e5gan \u00e4r risken att Sverige drabbas av regeringskaos om Tid\u00f6 f\u00f6rlorar. Var beredd p\u00e5 en l\u00e5ngdragen repris fr\u00e5n S senaste regeringsperiod: misstroendeomr\u00f6stningar, regeringsbildningar som tar m\u00e5nader, budgetar som inte g\u00e5r igenom riksdagen och politiska vildar som st\u00e4ller till det.\u00a0<\/p>\n<p>Det \u00e4r inte vad Sverige beh\u00f6ver.<\/p>\n<p><strong>Som Magdalena Andersson flera g\u00e5nger har p\u00e5talat beh\u00f6vs stabilitet i ett l\u00e4ge d\u00e4r Ryssland skickar dr\u00f6nare mot Natol\u00e4nder, relationen mellan Europa och USA \u00e4r svajigare \u00e4n p\u00e5 l\u00e4nge och handelskriget kan kasta in v\u00e4rlden i en global recession.<\/strong><\/p>\n<p>Stabilitet kommer ur politisk enighet \u2013 eller \u00e5tminstone en f\u00f6rm\u00e5ga att smidigt och snabbt kompromissa. Det \u00e4r inte samma sak som ett uppbl\u00e5st socialdemokratiskt sj\u00e4lvf\u00f6rtroende. Att Andersson hoppas p\u00e5 att hon kan k\u00f6ra \u00f6ver Milj\u00f6partiet i fr\u00e5ga om k\u00e4rnkraft och V\u00e4nsterpartiet n\u00e4r det g\u00e4ller ministerposter garanterar inte att en S-regering kan tilltr\u00e4da snabbt och driva igenom reformer i \u00f6nskad takt. F\u00f6r vilka reformer ska till?<\/p>\n<p>C vill ha s\u00e4nkta skatter, vinst i v\u00e4lf\u00e4rden och avverka skogen. MP och V \u00e4r i grund och botten emot Nato. B\u00e4gge \u00e4r emot k\u00e4rnkraft. C kanske kan t\u00e4nka sig straffsk\u00e4rpningar, men det l\u00e4r inte MP g\u00e5 med p\u00e5. Och s\u00e5 vidare.<\/p>\n<p><strong>Magdalena Andersson kan inte skjuta upp problemet hur l\u00e4nge som helst, som om regeringsbildningen vore en tidskr\u00e4vande uppdatering p\u00e5 datorn. I Agenda sa hon att hon kommer att ge besked f\u00f6re valet, men exakt vilka besked det r\u00f6r sig om kunde hon inte ge besked om. Det h\u00e5ller inte.<\/strong><\/p>\n<p>S har tre problem: De stavas Milj\u00f6partiet, Centerpartiet och V\u00e4nsterpartiet.<\/p>\n<p><strong>L\u00c4S MER: <\/strong><a href=\"https:\/\/www.expressen.se\/ledare\/karin-pihl\/nya-s-politiken-lar--ge-fortsatt-dyr-el\/\" class=\"\" rel=\"nofollow noopener\" target=\"_blank\">Nya S-politiken l\u00e4r  ge fortsatt dyr el<\/a><strong>L\u00c4S MER: <\/strong><a href=\"https:\/\/www.expressen.se\/ledare\/har-du-glomt-hur-galna-c-och-mp-ar-magda\/\" class=\"\" rel=\"nofollow noopener\" target=\"_blank\">Har du gl\u00f6mt hur galna C och MP \u00e4r, Magda?<\/a><a href=\"https:\/\/www.expressen.se\/nyhetsbrev\/\" title=\"Anm\u00e4l dig till ledarbrevet\" rel=\"nofollow noopener\" target=\"_blank\"><br \/>\n  <img decoding=\"async\" style=\"max-width:100%;display:block;\" src=\"https:\/\/www.europesays.com\/se\/wp-content\/uploads\/2025\/08\/640@60.jpg\"\/><br \/>\n<\/a><\/p>\n","protected":false},"excerpt":{"rendered":"Publicerad 10 sep 2025 kl 15.49Uppdaterad kl 20.12 De r\u00f6dgr\u00f6na partiernas splittring \u00e4r ett hot mot Sveriges stabilitet.&hellip;\n","protected":false},"author":2,"featured_media":26889,"comment_status":"","ping_status":"","sticky":false,"template":"","format":"standard","meta":{"footnotes":""},"categories":[5],"tags":[22,23,26,27,17,21,24,25,28,29,15,16,40,1401,43,1207,530,18,34,31,33,32,30,19,152,20],"class_list":{"0":"post-26888","1":"post","2":"type-post","3":"status-publish","4":"format-standard","5":"has-post-thumbnail","7":"category-rubriker","8":"tag-breaking-news","9":"tag-breakingnews","10":"tag-featured-news","11":"tag-featurednews","12":"tag-headlines","13":"tag-huvudnyheter","14":"tag-latest-news","15":"tag-latestnews","16":"tag-main-news","17":"tag-mainnews","18":"tag-news","19":"tag-nyheter","20":"tag-organization-miljopartiet","21":"tag-organization-nato","22":"tag-organization-regeringen","23":"tag-person-magdalena-andersson","24":"tag-person-ulf-kristersson","25":"tag-rubriker","26":"tag-se","27":"tag-svenska","28":"tag-sverige","29":"tag-sweden","30":"tag-swedish","31":"tag-top-stories","32":"tag-topic-inrikespolitik","33":"tag-topstories"},"share_on_mastodon":{"url":"","error":""},"_links":{"self":[{"href":"https:\/\/www.europesays.com\/se\/wp-json\/wp\/v2\/posts\/26888","targetHints":{"allow":["GET"]}}],"collection":[{"href":"https:\/\/www.europesays.com\/se\/wp-json\/wp\/v2\/posts"}],"about":[{"href":"https:\/\/www.europesays.com\/se\/wp-json\/wp\/v2\/types\/post"}],"author":[{"embeddable":true,"href":"https:\/\/www.europesays.com\/se\/wp-json\/wp\/v2\/users\/2"}],"replies":[{"embeddable":true,"href":"https:\/\/www.europesays.com\/se\/wp-json\/wp\/v2\/comments?post=26888"}],"version-history":[{"count":0,"href":"https:\/\/www.europesays.com\/se\/wp-json\/wp\/v2\/posts\/26888\/revisions"}],"wp:featuredmedia":[{"embeddable":true,"href":"https:\/\/www.europesays.com\/se\/wp-json\/wp\/v2\/media\/26889"}],"wp:attachment":[{"href":"https:\/\/www.europesays.com\/se\/wp-json\/wp\/v2\/media?parent=26888"}],"wp:term":[{"taxonomy":"category","embeddable":true,"href":"https:\/\/www.europesays.com\/se\/wp-json\/wp\/v2\/categories?post=26888"},{"taxonomy":"post_tag","embeddable":true,"href":"https:\/\/www.europesays.com\/se\/wp-json\/wp\/v2\/tags?post=26888"}],"curies":[{"name":"wp","href":"https:\/\/api.w.org\/{rel}","templated":true}]}}