{"id":26896,"date":"2025-09-10T21:11:17","date_gmt":"2025-09-10T21:11:17","guid":{"rendered":"https:\/\/www.europesays.com\/se\/26896\/"},"modified":"2025-09-10T21:11:17","modified_gmt":"2025-09-10T21:11:17","slug":"tillstandet-i-eu-sakerhet-ukraina-gaza-konkurrenskraft-och-handel-nyheter","status":"publish","type":"post","link":"https:\/\/www.europesays.com\/se\/26896\/","title":{"rendered":"Tillst\u00e5ndet i EU: s\u00e4kerhet, Ukraina, Gaza, konkurrenskraft och handel | Nyheter"},"content":{"rendered":"<p class=\"ep-wysiwig_paragraph\">Europaparlamentets talman Roberta Metsola inledde debatten i plenisalen i Strasbourg med att s\u00e4ga: \u201dI dessa os\u00e4kra tider beh\u00f6ver vi tydlighet och beslutsamhet f\u00f6r att styra Europa. Vi beh\u00f6ver ett Europa som tar ansvar f\u00f6r sin egen s\u00e4kerhet, underl\u00e4ttar f\u00f6r f\u00f6retag och skyddar arbetstillf\u00e4llen. Ett Europa som \u00e4r mer r\u00e4ttvist och som st\u00e5r upp f\u00f6r v\u00e5ra demokratiska v\u00e4rden. N\u00e4r v\u00e4rlden alltf\u00f6r ofta k\u00e4nns som om den st\u00e5r i brand, med Rysslands aggression mot Ukraina och den fruktansv\u00e4rda situationen i Gaza, \u00e4r Europaparlamentet beslutsamt om att Europa ska kliva fram med nya och dj\u00e4rva id\u00e9er.\u201d<\/p>\n<p class=\"ep-wysiwig_paragraph\">\u201dTiden f\u00f6r Europas oberoende \u00e4r inne\u201d, sade kommissionens ordf\u00f6rande Ursula von der Leyen. Europa m\u00e5ste kunna ta ansvar f\u00f6r sitt eget f\u00f6rsvar och sin egen s\u00e4kerhet, ta kontroll \u00f6ver den teknik och energi som st\u00f6djer dess ekonomier, best\u00e4mma vilken typ av samh\u00e4lle och demokrati vi vill leva i och vara \u00f6ppet gentemot omv\u00e4rlden.<\/p>\n<p class=\"ep-wysiwig_paragraph\">N\u00e4r det g\u00e4ller kriget i Ukraina tillk\u00e4nnagav Ursula von der Leyen planer p\u00e5 att \u00f6ka trycket p\u00e5 Ryssland med ett nittonde sanktionspaket och en snabbare utfasning av ryska fossila br\u00e4nslen. Kommissionen kommer ocks\u00e5 att f\u00f6resl\u00e5 en satsning p\u00e5 \u201dkvalitativt milit\u00e4rt f\u00f6rspr\u00e5ng\u201d f\u00f6r att st\u00f6dja investeringar i de ukrainska v\u00e4pnade styrkorna, och ett initiativ f\u00f6r \u201dbevakning av \u00f6stra flanken\u201d f\u00f6r att ge Europa oberoende strategiska st\u00f6dresurser. \u201dEuropa st\u00e5r i full solidaritet med Polen\u201d, sade hon med h\u00e4nvisning till den h\u00e4nsynsl\u00f6sa och aldrig tidigare sk\u00e5dade kr\u00e4nkningen av Polens och Europas luftrum av ryska dr\u00f6nare.<\/p>\n<p class=\"ep-wysiwig_paragraph\">N\u00e4r hon talade om kriget i Gaza sade Ursula von der Leyen att \u201dsv\u00e4lt orsakad av m\u00e4nniskan aldrig f\u00e5r bli ett krigsvapen. F\u00f6r barnens skull, f\u00f6r m\u00e4nsklighetens skull \u2013 detta m\u00e5ste upph\u00f6ra\u201d. Hon tillk\u00e4nnagav EU-kommissionens avsikt att \u201dfrysa v\u00e5rt bilaterala st\u00f6d till Israel\u201d, l\u00e4gga fram f\u00f6rslag om sanktioner mot extremistiska ministrar och v\u00e5ldsamma bos\u00e4ttare samt f\u00f6resl\u00e5 att associeringsavtalet mellan EU och Israel om handelsrelaterade fr\u00e5gor delvis upph\u00e4vs. Europas m\u00e5l m\u00e5ste vara \u201dverklig s\u00e4kerhet f\u00f6r Israel och s\u00e4kerhet nu och i framtiden f\u00f6r alla palestinier. Och det inneb\u00e4r att gisslan m\u00e5ste friges\u201d, betonade hon.<\/p>\n<p class=\"ep-wysiwig_paragraph\">N\u00e4r det g\u00e4ller konkurrenskraft och den inre marknaden betonade kommissionens ordf\u00f6rande von der Leyen att en digital euro och spar- och investeringsunionen kommer att underl\u00e4tta f\u00f6r b\u00e5de f\u00f6retag och konsumenter. Hon tillk\u00e4nnagav en \u201dScaleup Europe-fond\u201d &#8211; en fond p\u00e5 flera miljarder euro f\u00f6r att g\u00f6ra stora investeringar i unga, snabbv\u00e4xande f\u00f6retag inom kritisk teknik, ett st\u00f6dpaket f\u00f6r batterier f\u00f6r att \u00f6ka produktionen i Europa, en lag om arbetstillf\u00e4llen av god kvalitet och en europeisk strategi mot fattigdom f\u00f6r att bidra till att utrota fattigdomen senast 2050.<\/p>\n<p class=\"ep-wysiwig_paragraph\">N\u00e4r det g\u00e4ller EU:s nya handelsavtal med USA sade hon: \u201dVi har utan tvekan det b\u00e4sta avtalet\u201d, som ger avg\u00f6rande stabilitet och f\u00f6rhindrar ett fullskaligt handelskrig.<\/p>\n<p class=\"ep-wysiwig_paragraph\"><strong>Reaktioner fr\u00e5n Europaparlamentets politiska grupper<\/strong><\/p>\n<p class=\"ep-wysiwig_paragraph\">Manfred Weber (EPP, Tyskland) tackade kommissionen f\u00f6r att ha levererat p\u00e5 m\u00e5nga fronter, fr\u00e5n att minska byr\u00e5kratin till att st\u00e4rka EU:s f\u00f6rsvar och minska den illegala migrationen. Han lovade att forts\u00e4tta st\u00f6dja kommissionens arbete genom att st\u00e4lla sig bakom handelsavtalen mellan EU och USA samt med Mercosur, d\u00e5 alternativet skulle vara ett handelskrig. N\u00e4r det g\u00e4ller den gr\u00f6na given menade han att EU:s klimatstrategi m\u00e5ste vara realistisk och st\u00f6dja teknikneutralitet. Han uppmanade ocks\u00e5 sina kolleger i Europaparlamentet att p\u00e5skynda arbetet med en rad EU-lagar och undvika ideologiska strider.<\/p>\n<p class=\"ep-wysiwig_paragraph\">\u201dVar \u00e4r Europa?\u201d, fr\u00e5gade Iratxe Garc\u00eda (S&amp;D, Spanien) och tillade att br\u00e5dskande fr\u00e5gor och enighet inte f\u00e5r g\u00e5 f\u00f6re Europas ambitioner och fr\u00e4mjandet av dess egna intressen. Hon kritiserade det \u201dor\u00e4ttvisa och oacceptabla\u201d handelsavtalet med USA och meddelade sin beslutsamhet att \u00e4ndra det. \u201dOch var \u00e4r Europa n\u00e4r Gaza d\u00f6r?\u201d, tillade hon och sa att det f\u00f6reslagna avbrottet n\u00e4r det g\u00e4ller samarbetet med Israel kommer f\u00f6r sent.<\/p>\n<p class=\"ep-wysiwig_paragraph\">Jordan Bardella (PfE, Frankrike) f\u00f6rd\u00f6mde kommissionsordf\u00f6rande von der Leyens st\u00f6d f\u00f6r frihandelsavtalet med Mercosur. Han kritiserade EU:s f\u00f6rslag om att s\u00e4nka tullarna p\u00e5 kinesiska fordon, liksom energimarknadsreglerna som bortser fr\u00e5n de f\u00f6rdelar som Frankrike har med billig k\u00e4rnkraft. Bardella kritiserade handelsavtalet med USA, som han menade offrar viktiga franska industrier \u2013 f\u00f6rsvar, vin, lyxvaror och l\u00e4kemedel \u2013 medan mindre nationer f\u00e5r b\u00e4ttre avtal.<\/p>\n<p class=\"ep-wysiwig_paragraph\">ECR-gruppens medordf\u00f6rande Nicola Procaccini (Italien) sade att Europa \u201dm\u00e5ste st\u00e4rka v\u00e5ra v\u00e4rden, v\u00e5r ekonomi och banden med v\u00e5ra allierade\u201d och tillade att hans grupp st\u00f6der tullavtalet med USA \u201deftersom det \u00e4r b\u00e4ttre \u00e4n ett handelskrig mellan allierade som beh\u00f6ver varandra\u201d. Han konstaterade att den gr\u00f6na given \u201di dag \u00e4r ett alltf\u00f6r stort hinder f\u00f6r europeisk konkurrenskraft\u201d och appl\u00e5derade de senaste f\u00f6rslagen om migrationspolitik, d\u00e4r han efterlyste mer effektiva regler f\u00f6r \u00e5terv\u00e4ndande.<\/p>\n<p class=\"ep-wysiwig_paragraph\">Valerie Hayer (Renew Europe, Frankrike) varnade f\u00f6r att EU h\u00e5ller p\u00e5 att f\u00f6rlora europ\u00e9ernas f\u00f6rtroende eftersom det har blivit f\u00f6r svagt f\u00f6r att f\u00f6rsvara dem. Hon efterlyste ett mer integrerat, suver\u00e4nt och federalt EU. Hon varnade f\u00f6r att EU st\u00e5r inf\u00f6r ett existentiellt kulturkrig som hotar den europeiska livsstilen, dess folks friheter och deras oberoende. Hon efterlyste mer praktiska \u00e5tg\u00e4rder n\u00e4r det g\u00e4ller skyddet av demokratin och konkurrenskraften samt f\u00f6r att bek\u00e4mpa Rysslands och Israels krigshets. Avslutningsvis efterlyste hon ett konvent f\u00f6r att reformera EU.<\/p>\n<p class=\"ep-wysiwig_paragraph\">Bas Eickhout (De Gr\u00f6na\/EFA, Nederl\u00e4nderna) uppmanade Europa att \u201dsluta t\u00e4nka som en marknad och b\u00f6rja t\u00e4nka som en makt\u201d. EU b\u00f6r visa sj\u00e4lvf\u00f6rtroende, tillade han, och kr\u00e4vde omedelbara \u00e5tg\u00e4rder f\u00f6r att hantera situationen i Gaza. S\u00e4kerhet inneb\u00e4r ocks\u00e5 att agera mot klimatf\u00f6r\u00e4ndringarna, enligt Eickhout, som efterlyste investeringar i europeiska f\u00f6rnybara energik\u00e4llor och andra industrier f\u00f6r att bek\u00e4mpa autokrater, men ocks\u00e5 i den europeiska arbetskraften, utbildning, infrastruktur och gr\u00f6n innovation f\u00f6r att f\u00f6rb\u00e4ttra Europas konkurrenskraft.<\/p>\n<p class=\"ep-wysiwig_paragraph\">Martin Schirdewan (V\u00e4nstern, Tyskland) kallade EU:s handelsavtal med USA f\u00f6r en \u201dtotal kapitulation\u201d. Han kopplade frihandelspolitiken till \u00f6kande fattigdom, f\u00f6rlorade arbetstillf\u00e4llen och stigande kostnader, med miljarder investerade i militarisering tillsammans med \u201dbrutala nedsk\u00e4rningar\u201d av pensioner och v\u00e4lf\u00e4rd. Han f\u00f6rd\u00f6mde EU:s tystnad om den humanit\u00e4ra krisen och de krigsf\u00f6rbrytelser som beg\u00e5tts av den israeliska milit\u00e4ren i Gaza, och anklagade EU f\u00f6r dubbelmoral i utrikespolitiken och f\u00f6r att inte spela en meningsfull roll i fredsprocessen.<\/p>\n<p class=\"ep-wysiwig_paragraph\">Ren\u00e9 Aust (ESN, Tyskland) sade att medan marknaderna v\u00e4xer \u00f6verallt i v\u00e4rlden, halkar Europa efter p\u00e5 grund av bristande entrepren\u00f6rsfrihet. Han kopplade ocks\u00e5 ihop EU:s migrationspolitik med \u00f6kat v\u00e5ld, kriminella g\u00e4ng, droger och problem med kvinnors s\u00e4kerhet i Europa.<\/p>\n<p class=\"ep-wysiwig_paragraph\">Du kan se hela debatten <a href=\"https:\/\/multimedia.europarl.europa.eu\/sv\/webstreaming\/debate-on-state-of-european-union-2025-with-nametags-of-speakers_20250910-0900-SPECIAL-OTHER\" target=\"_blank\" rel=\"noopener nofollow\">h\u00e4r<\/a>.<\/p>\n","protected":false},"excerpt":{"rendered":"Europaparlamentets talman Roberta Metsola inledde debatten i plenisalen i Strasbourg med att s\u00e4ga: \u201dI dessa os\u00e4kra tider beh\u00f6ver&hellip;\n","protected":false},"author":2,"featured_media":26897,"comment_status":"","ping_status":"","sticky":false,"template":"","format":"standard","meta":{"footnotes":""},"categories":[5],"tags":[22,23,26,27,17,21,24,25,28,29,15,16,3127,3126,18,34,31,33,32,30,19,20],"class_list":{"0":"post-26896","1":"post","2":"type-post","3":"status-publish","4":"format-standard","5":"has-post-thumbnail","7":"category-rubriker","8":"tag-breaking-news","9":"tag-breakingnews","10":"tag-featured-news","11":"tag-featurednews","12":"tag-headlines","13":"tag-huvudnyheter","14":"tag-latest-news","15":"tag-latestnews","16":"tag-main-news","17":"tag-mainnews","18":"tag-news","19":"tag-nyheter","20":"tag-plenarydate08-09-2025","21":"tag-producttypepress_release","22":"tag-rubriker","23":"tag-se","24":"tag-svenska","25":"tag-sverige","26":"tag-sweden","27":"tag-swedish","28":"tag-top-stories","29":"tag-topstories"},"share_on_mastodon":{"url":"","error":""},"_links":{"self":[{"href":"https:\/\/www.europesays.com\/se\/wp-json\/wp\/v2\/posts\/26896","targetHints":{"allow":["GET"]}}],"collection":[{"href":"https:\/\/www.europesays.com\/se\/wp-json\/wp\/v2\/posts"}],"about":[{"href":"https:\/\/www.europesays.com\/se\/wp-json\/wp\/v2\/types\/post"}],"author":[{"embeddable":true,"href":"https:\/\/www.europesays.com\/se\/wp-json\/wp\/v2\/users\/2"}],"replies":[{"embeddable":true,"href":"https:\/\/www.europesays.com\/se\/wp-json\/wp\/v2\/comments?post=26896"}],"version-history":[{"count":0,"href":"https:\/\/www.europesays.com\/se\/wp-json\/wp\/v2\/posts\/26896\/revisions"}],"wp:featuredmedia":[{"embeddable":true,"href":"https:\/\/www.europesays.com\/se\/wp-json\/wp\/v2\/media\/26897"}],"wp:attachment":[{"href":"https:\/\/www.europesays.com\/se\/wp-json\/wp\/v2\/media?parent=26896"}],"wp:term":[{"taxonomy":"category","embeddable":true,"href":"https:\/\/www.europesays.com\/se\/wp-json\/wp\/v2\/categories?post=26896"},{"taxonomy":"post_tag","embeddable":true,"href":"https:\/\/www.europesays.com\/se\/wp-json\/wp\/v2\/tags?post=26896"}],"curies":[{"name":"wp","href":"https:\/\/api.w.org\/{rel}","templated":true}]}}