{"id":269060,"date":"2026-06-08T04:12:11","date_gmt":"2026-06-08T04:12:11","guid":{"rendered":"https:\/\/www.europesays.com\/se\/269060\/"},"modified":"2026-06-08T04:12:11","modified_gmt":"2026-06-08T04:12:11","slug":"bortklippta-scenerna-i-robinsonfinalen-tavlingen-pausades-nojesvideo","status":"publish","type":"post","link":"https:\/\/www.europesays.com\/se\/269060\/","title":{"rendered":"Bortklippta scenerna i Robinsonfinalen \u2013 t\u00e4vlingen pausades | N\u00f6jesvideo"},"content":{"rendered":"<p>Uppdaterad 5 jun 2026 kl 16.40Publicerad 8 jun 2026 kl 06.00<\/p>\n<p>Jonas ger svar p\u00e5 k\u00e4rleksryktet mellan honom och Sonja. Dessutom avsl\u00f6jar deltagarna allt om bortklippta br\u00e5k, nakenscener och hemliga regler. Finalisten ber\u00e4ttar ocks\u00e5 att finalt\u00e4vlingen pausades hela fyra g\u00e5nger \u2013 och varf\u00f6r.<br \/>\nG\u00e4ster i programmet: Amadeus Harrysson, Caroline J\u00e4rgren och Jonas K\u00e4llqvist10 replies<\/p>\n<p>            <a href=\"mailto:webbrattelse@expressen.se?subject=Fel%20i%20artikel%3A%20Bortklippta%20scenerna%20i%20Robinsonfinalen%20%E2%80%93%20t%C3%A4vlingen%20pausades&amp;body=En%20l%C3%A4sare%20rapporterar%20fel%20i%20https%3A%2F%2Fwww.expressen.se%2Ftv%2Fnoje%2Fbortklippta-scenerna-i-robinsonfinalen-tavlingen-pausades%2F%0A%0AKommentar%3A%20\"><br \/>\n              Anm\u00e4l text- och faktafel<br \/>\n            <\/a><a href=\"https:\/\/www.expressen.se\/om-expressen\/sa-jobbar-vi-med-korrekta-publiceringar\/\" rel=\"nofollow noopener\" target=\"_blank\">V\u00e5ra kvalitetsrutiner<\/a><\/p>\n","protected":false},"excerpt":{"rendered":"Uppdaterad 5 jun 2026 kl 16.40Publicerad 8 jun 2026 kl 06.00 Jonas ger svar p\u00e5 k\u00e4rleksryktet mellan honom&hellip;\n","protected":false},"author":2,"featured_media":269061,"comment_status":"","ping_status":"","sticky":false,"template":"","format":"standard","meta":{"footnotes":"","_share_on_mastodon":"0"},"categories":[67],"tags":[104,17646,3114,384,34,12493,31,33,32,30,218,646,105],"class_list":["post-269060","post","type-post","status-publish","format-standard","has-post-thumbnail","category-underhallning","tag-entertainment","tag-organization-bts-vodd","tag-organization-robinson","tag-organization-tv4","tag-se","tag-sections-noje","tag-svenska","tag-sverige","tag-sweden","tag-swedish","tag-topic-realityprogram","tag-topic-tv-serier","tag-underhallning"],"share_on_mastodon":{"url":"https:\/\/pubeurope.com\/@se\/116712541169056875","error":""},"_links":{"self":[{"href":"https:\/\/www.europesays.com\/se\/wp-json\/wp\/v2\/posts\/269060","targetHints":{"allow":["GET"]}}],"collection":[{"href":"https:\/\/www.europesays.com\/se\/wp-json\/wp\/v2\/posts"}],"about":[{"href":"https:\/\/www.europesays.com\/se\/wp-json\/wp\/v2\/types\/post"}],"author":[{"embeddable":true,"href":"https:\/\/www.europesays.com\/se\/wp-json\/wp\/v2\/users\/2"}],"replies":[{"embeddable":true,"href":"https:\/\/www.europesays.com\/se\/wp-json\/wp\/v2\/comments?post=269060"}],"version-history":[{"count":0,"href":"https:\/\/www.europesays.com\/se\/wp-json\/wp\/v2\/posts\/269060\/revisions"}],"wp:featuredmedia":[{"embeddable":true,"href":"https:\/\/www.europesays.com\/se\/wp-json\/wp\/v2\/media\/269061"}],"wp:attachment":[{"href":"https:\/\/www.europesays.com\/se\/wp-json\/wp\/v2\/media?parent=269060"}],"wp:term":[{"taxonomy":"category","embeddable":true,"href":"https:\/\/www.europesays.com\/se\/wp-json\/wp\/v2\/categories?post=269060"},{"taxonomy":"post_tag","embeddable":true,"href":"https:\/\/www.europesays.com\/se\/wp-json\/wp\/v2\/tags?post=269060"}],"curies":[{"name":"wp","href":"https:\/\/api.w.org\/{rel}","templated":true}]}}