{"id":26995,"date":"2025-09-11T01:29:09","date_gmt":"2025-09-11T01:29:09","guid":{"rendered":"https:\/\/www.europesays.com\/se\/26995\/"},"modified":"2025-09-11T01:29:09","modified_gmt":"2025-09-11T01:29:09","slug":"norsk-politiker-hatasfor-orden-om-kirk","status":"publish","type":"post","link":"https:\/\/www.europesays.com\/se\/26995\/","title":{"rendered":"Norsk politiker hatas\nf\u00f6r orden om Kirk"},"content":{"rendered":"<p>Kort efter mordet p\u00e5 Charlie Kirk lade den norska politikern Amrit Kaur upp en video d\u00e4r hon i sarkastisk ton pratade om d\u00f6dsskjutningen.<\/p>\n<p>Efter massiv kritik har hon nu raderat videon.<\/p>\n<p>\u2013 Jag \u00e5ngrar det, s\u00e4ger Kaur, ang\u00e5ende om att ha lagt upp videon, till <a href=\"https:\/\/www.dagbladet.no\/nyheter\/jeg-angrer\/83576859\" rel=\"nofollow noopener\" target=\"_blank\">Dagbladet<\/a>.<\/p>\n<p>H\u00e4r skjuts Charlie Kirk \u2013 mitt i folksamlingen<img   alt=\"\"\/><\/p>\n<p>Amrit Kaur.<\/p>\n<p>Foto: Wikimedia<\/p>\n<p>\u00d6ppna bild i helsk\u00e4rm<\/p>\n<p>21-\u00e5riga Amrit Kaur \u00e4r ledare f\u00f6r R\u00f8d Ungdom, ungdomsf\u00f6rbundet till det norska v\u00e4nsterpartiet. Kort efter mordet p\u00e5 h\u00f6geraktivisten <a href=\"https:\/\/www.expressen.se\/tagg\/person\/charlie-kirk\/\" class=\"\" rel=\"nofollow noopener\" target=\"_blank\">Charlie Kirk<\/a> i USA lade Kaur upp en Tiktok-video d\u00e4r hon sarkastiskt pratade om Kirks d\u00f6d medan hon log.<\/p>\n<p>\u2013 \u00c5h nej, sade Kaur om mordet p\u00e5 Kirk, f\u00f6ljt av ett stort leende.<\/p>\n<p>Videon har f\u00e5tt skarp kritik och har nu raderats. Kaur anklagas f\u00f6r att vara \u201drespektl\u00f6s\u201d efter mordet.<\/p>\n<p>\u201dJag \u00e5ngrar det\u201d<\/p>\n<p>Kaur uppgav att hon hade f\u00f6rst\u00e5else f\u00f6r om videon uppfattades som smakl\u00f6s och att det \u201dinte var s\u00e5 l\u00e4tt att f\u00f6rst\u00e5 sammanhanget\u201d.\u00a0<\/p>\n<p>\u2013 Jag tycker det \u00e4r lite sp\u00e4nnande att se att h\u00f6gern l\u00e4nge har kritiserat v\u00e4nstern f\u00f6r att den inte klarar av \u00f6verdriven humor, men nu \u00e4r det pl\u00f6tsligt h\u00f6gern som inte st\u00e5r ut med det. \u00c4nd\u00e5 f\u00f6rst\u00e5r jag att sk\u00e4mtet var f\u00f6r \u00f6verdrivet och kom f\u00f6r tidigt. Det var dumt, s\u00e4ger Kaur.<\/p>\n<p>Tillfr\u00e5gad om hon \u00e5ngrade att hon lade ut videon svarade Kaur:<\/p>\n<p>\u2013 Ja, jag \u00e5ngrar det. Det \u00e4r d\u00e4rf\u00f6r jag raderade den.<\/p>\n","protected":false},"excerpt":{"rendered":"Kort efter mordet p\u00e5 Charlie Kirk lade den norska politikern Amrit Kaur upp en video d\u00e4r hon i&hellip;\n","protected":false},"author":2,"featured_media":26996,"comment_status":"","ping_status":"","sticky":false,"template":"","format":"standard","meta":{"footnotes":""},"categories":[5],"tags":[22,23,26,27,17,21,24,25,254,28,29,15,3132,16,3131,18,34,55,31,33,32,30,19,20],"class_list":{"0":"post-26995","1":"post","2":"type-post","3":"status-publish","4":"format-standard","5":"has-post-thumbnail","7":"category-rubriker","8":"tag-breaking-news","9":"tag-breakingnews","10":"tag-featured-news","11":"tag-featurednews","12":"tag-headlines","13":"tag-huvudnyheter","14":"tag-latest-news","15":"tag-latestnews","16":"tag-location-norge","17":"tag-main-news","18":"tag-mainnews","19":"tag-news","20":"tag-newsstory-charlie-kirk-mordad","21":"tag-nyheter","22":"tag-person-charlie-kirk","23":"tag-rubriker","24":"tag-se","25":"tag-sections-varlden","26":"tag-svenska","27":"tag-sverige","28":"tag-sweden","29":"tag-swedish","30":"tag-top-stories","31":"tag-topstories"},"share_on_mastodon":{"url":"","error":""},"_links":{"self":[{"href":"https:\/\/www.europesays.com\/se\/wp-json\/wp\/v2\/posts\/26995","targetHints":{"allow":["GET"]}}],"collection":[{"href":"https:\/\/www.europesays.com\/se\/wp-json\/wp\/v2\/posts"}],"about":[{"href":"https:\/\/www.europesays.com\/se\/wp-json\/wp\/v2\/types\/post"}],"author":[{"embeddable":true,"href":"https:\/\/www.europesays.com\/se\/wp-json\/wp\/v2\/users\/2"}],"replies":[{"embeddable":true,"href":"https:\/\/www.europesays.com\/se\/wp-json\/wp\/v2\/comments?post=26995"}],"version-history":[{"count":0,"href":"https:\/\/www.europesays.com\/se\/wp-json\/wp\/v2\/posts\/26995\/revisions"}],"wp:featuredmedia":[{"embeddable":true,"href":"https:\/\/www.europesays.com\/se\/wp-json\/wp\/v2\/media\/26996"}],"wp:attachment":[{"href":"https:\/\/www.europesays.com\/se\/wp-json\/wp\/v2\/media?parent=26995"}],"wp:term":[{"taxonomy":"category","embeddable":true,"href":"https:\/\/www.europesays.com\/se\/wp-json\/wp\/v2\/categories?post=26995"},{"taxonomy":"post_tag","embeddable":true,"href":"https:\/\/www.europesays.com\/se\/wp-json\/wp\/v2\/tags?post=26995"}],"curies":[{"name":"wp","href":"https:\/\/api.w.org\/{rel}","templated":true}]}}