{"id":27025,"date":"2025-09-11T03:34:13","date_gmt":"2025-09-11T03:34:13","guid":{"rendered":"https:\/\/www.europesays.com\/se\/27025\/"},"modified":"2025-09-11T03:34:13","modified_gmt":"2025-09-11T03:34:13","slug":"apple-lanserar-airpods-pro-3-oversatter-i-realtid","status":"publish","type":"post","link":"https:\/\/www.europesays.com\/se\/27025\/","title":{"rendered":"Apple lanserar AirPods Pro 3 &#8211; \u00f6vers\u00e4tter i realtid"},"content":{"rendered":"<p class=\"p1\"><strong>Apple<\/strong> lyfter ljudupplevelsen till en helt ny niv\u00e5 med <strong>Airpods Pro 3<\/strong>. De nya h\u00f6rlurarna kombinerar exceptionell ljudkvalitet, v\u00e4rldens b\u00e4sta aktiva brusreducering och en f\u00f6rb\u00e4ttrad passform som sitter stadigt under l\u00f6pning, HIIT, yoga och andra aktiviteter.<\/p>\n<p>V\u00e4rldens b\u00e4sta aktiva brusreducering<\/p>\n<p class=\"p1\">AirPods Pro 3 anv\u00e4nder en ny arkitektur som styr ljudfl\u00f6det in i \u00f6rat och skapar en uppslukande rumslig ljudbild. Med n\u00e4sta generations Adaptive EQ justeras bas\u00e5tergivningen, ljudbilden breddas och r\u00f6ster \u00e5terges kristallklart i b\u00e5de musik, tv-program och samtal. Transparensl\u00e4get har f\u00f6rb\u00e4ttrats f\u00f6r att g\u00f6ra din egen r\u00f6st, och personer du pratar med, mer naturlig, s\u00e5 att du alltid \u00e4r i kontakt med omgivningen.<\/p>\n<p class=\"p1\">Den aktiva brusreduceringen (ANC) \u00e4r upp till dubbelt s\u00e5 effektiv som p\u00e5 AirPods Pro 2 och fyra g\u00e5nger b\u00e4ttre \u00e4n originalet. Mikrofoner med ultral\u00e5g brusniv\u00e5 och nya skumfyllda \u00f6rontoppar ger \u00f6kad passiv isolering. Med ANC aktiverat kan du lyssna p\u00e5 musik upp till \u00e5tta timmar p\u00e5 en laddning, en \u00f6kning med 33 procent j\u00e4mf\u00f6rt med f\u00f6reg\u00e5ende generation.<\/p>\n<p>H\u00f6rselh\u00e4lsa och l\u00e4ngre batteritid<\/p>\n<p class=\"p3\">Apple forts\u00e4tter fokusera p\u00e5 h\u00f6rselh\u00e4lsa med funktioner som Hearing Protection och Conversation Boost, som f\u00f6rst\u00e4rker r\u00f6ster i bullriga milj\u00f6er. Med ANC blir det enklare att genomf\u00f6ra h\u00f6rseltester hemifr\u00e5n och f\u00e5 personlig v\u00e4gledning. Batteritiden i Transparency-l\u00e4ge har \u00f6kat med 67 procent, och du f\u00e5r upp till 10 timmar lyssning p\u00e5 en laddning.<\/p>\n<p>Ny in-ear-design med b\u00e4ttre passform och stabilitet<\/p>\n<p class=\"p1\">AirPods Pro 3 \u00e4r utvecklade med \u00f6ver 10 000 \u00f6ronskanningar och 100 000 timmars anv\u00e4ndarstudier. H\u00f6rlurarna har byggts om internt f\u00f6r att bli mindre, och \u00f6rontoppens geometri \u00e4r justerad f\u00f6r b\u00e4ttre stabilitet. De nya skumfyllda \u00f6rontopparna finns i fem storlekar, inklusive XXS, och ger en passform som passar \u00e4nnu fler. Med IP57-klassning t\u00e5l de b\u00e5de svett och vatten, vilket g\u00f6r dem perfekta f\u00f6r b\u00e5de intensiv tr\u00e4ning och ov\u00e4ntat v\u00e4der.<\/p>\n<p>Tr\u00e4ningsklar med pulsm\u00e4tning<\/p>\n<p class=\"p3\">Med AirPods Pro 3 kan du m\u00e4ta pulsen under tr\u00e4ning tack vare Apples minsta specialbyggda pulssensor. Den anv\u00e4nder osynligt infrar\u00f6tt ljus som pulserar 256 g\u00e5nger per sekund f\u00f6r att analysera blodfl\u00f6det. Workout Buddy, en ny funktion driven av Apple Intelligence, ger personliga insikter och motivation under tr\u00e4ningspasset baserat p\u00e5 historik och prestation. F\u00f6r Fitness+-anv\u00e4ndare visas dessutom realtidsv\u00e4rden som puls, kalorif\u00f6rbrukning och r\u00f6relse direkt p\u00e5 sk\u00e4rmen, vilket g\u00f6r tr\u00e4ningen mer engagerande och effektiv.<\/p>\n<p>Live Translation f\u00f6r enklare kommunikation<\/p>\n<p class=\"p3\">Apple introducerar \u00e4ven <strong>Live Translation<\/strong>, som g\u00f6r det m\u00f6jligt att f\u00f6rst\u00e5 och kommunicera p\u00e5 flera spr\u00e5k i realtid. Funktionen drivs av Apple Intelligence och g\u00f6r ansikte-mot-ansikte-konversationer smidigare, \u00e4ven om du och din samtalspartner inte talar samma spr\u00e5k. Live Translation finns i beta p\u00e5 engelska, franska, tyska, portugisiska och spanska, och fler spr\u00e5k kommer senare under \u00e5ret.<\/p>\n<p>Pris och release<\/p>\n<p>AirPods Pro 3 kommer b\u00f6rja p\u00e5 2 995 kr och kan f\u00f6rbest\u00e4llas idag med release i butiker den 19 september.<\/p>\n","protected":false},"excerpt":{"rendered":"Apple lyfter ljudupplevelsen till en helt ny niv\u00e5 med Airpods Pro 3. De nya h\u00f6rlurarna kombinerar exceptionell ljudkvalitet,&hellip;\n","protected":false},"author":2,"featured_media":27026,"comment_status":"","ping_status":"","sticky":false,"template":"","format":"standard","meta":{"footnotes":""},"categories":[66],"tags":[3134,391,80,78,79,34,31,33,32,30,81,84,83,82],"class_list":{"0":"post-27025","1":"post","2":"type-post","3":"status-publish","4":"format-standard","5":"has-post-thumbnail","7":"category-vetenskap-och-teknik","8":"tag-airpods-pro-3","9":"tag-apple","10":"tag-science","11":"tag-science-and-technology","12":"tag-scienceandtechnology","13":"tag-se","14":"tag-svenska","15":"tag-sverige","16":"tag-sweden","17":"tag-swedish","18":"tag-technology","19":"tag-teknik","20":"tag-vetenskap","21":"tag-vetenskapteknik"},"share_on_mastodon":{"url":"","error":""},"_links":{"self":[{"href":"https:\/\/www.europesays.com\/se\/wp-json\/wp\/v2\/posts\/27025","targetHints":{"allow":["GET"]}}],"collection":[{"href":"https:\/\/www.europesays.com\/se\/wp-json\/wp\/v2\/posts"}],"about":[{"href":"https:\/\/www.europesays.com\/se\/wp-json\/wp\/v2\/types\/post"}],"author":[{"embeddable":true,"href":"https:\/\/www.europesays.com\/se\/wp-json\/wp\/v2\/users\/2"}],"replies":[{"embeddable":true,"href":"https:\/\/www.europesays.com\/se\/wp-json\/wp\/v2\/comments?post=27025"}],"version-history":[{"count":0,"href":"https:\/\/www.europesays.com\/se\/wp-json\/wp\/v2\/posts\/27025\/revisions"}],"wp:featuredmedia":[{"embeddable":true,"href":"https:\/\/www.europesays.com\/se\/wp-json\/wp\/v2\/media\/27026"}],"wp:attachment":[{"href":"https:\/\/www.europesays.com\/se\/wp-json\/wp\/v2\/media?parent=27025"}],"wp:term":[{"taxonomy":"category","embeddable":true,"href":"https:\/\/www.europesays.com\/se\/wp-json\/wp\/v2\/categories?post=27025"},{"taxonomy":"post_tag","embeddable":true,"href":"https:\/\/www.europesays.com\/se\/wp-json\/wp\/v2\/tags?post=27025"}],"curies":[{"name":"wp","href":"https:\/\/api.w.org\/{rel}","templated":true}]}}