{"id":27041,"date":"2025-09-11T04:10:23","date_gmt":"2025-09-11T04:10:23","guid":{"rendered":"https:\/\/www.europesays.com\/se\/27041\/"},"modified":"2025-09-11T04:10:23","modified_gmt":"2025-09-11T04:10:23","slug":"varfor-vanta-ett-ar-pa-att-fa-borja-jobba","status":"publish","type":"post","link":"https:\/\/www.europesays.com\/se\/27041\/","title":{"rendered":"Varf\u00f6r v\u00e4nta ett \u00e5r p\u00e5 att f\u00e5 b\u00f6rja jobba?"},"content":{"rendered":"<p>\n          Debatt<br \/>\n      |<\/p>\n<p>        Publicerad: 11 september 2025 07:00<\/p>\n<p>Kyrkovalet \u00e4ger rum den 21 september i \u00e5r. D\u00e5 r\u00f6star vi fram v\u00e5ra f\u00f6retr\u00e4dare till f\u00f6rsamlingar, stift och kyrkom\u00f6te. Men m\u00e4rkligt nog dr\u00f6jer det l\u00e4nge innan de nyvalda f\u00e5r b\u00f6rja arbeta. Det \u00e4r s\u00e4rskilt tydligt n\u00e4r det g\u00e4ller Svenska kyrkans h\u00f6gsta beslutande organ, kyrkom\u00f6tet.<\/p>\n<p><strong>N\u00e4r det nya <\/strong>kyrkom\u00f6tet samlas f\u00f6rsta g\u00e5ngen den 19\u201320 november f\u00e5r det bara fatta beslut om interna val, exempelvis valberedning, presidium och kyrkostyrelse f\u00f6r mandatperioden 2026\u20132029. Sj\u00e4lva arbetet med motioner, skrivelser och principiella fr\u00e5gor inleds f\u00f6rst i slutet av september 2026 \u2013 allts\u00e5 mer \u00e4n ett \u00e5r efter valet. Under tiden forts\u00e4tter det gamla kyrkom\u00f6tet att fatta beslut vid tv\u00e5 sessioner, i september och november 2025, trots att ett nytt kyrkom\u00f6te allts\u00e5 redan \u00e4r valt.<\/p>\n<p>J\u00e4mf\u00f6r detta med de allm\u00e4nna valen. N\u00e4sta riksdagsval sker den 13 september 2026. Redan den 29 september, allts\u00e5 drygt tv\u00e5 veckor senare, samlas den nya riksdagen och b\u00f6rjar arbeta. D\u00e4r g\u00e5r \u00f6verg\u00e5ngen snabbt och naturligt \u2013 valresultatet f\u00e5r genomslag n\u00e4stan omedelbart. Att regeringsbildningen sedan kan ta tid \u00e4r en annan sak.<\/p>\n<p><strong>I kyrkan d\u00e4remot <\/strong>kan valr\u00f6relsen i praktiken bli frikopplad fr\u00e5n beslutsfattandet. Viktiga fr\u00e5gor kan avg\u00f6ras av ett kyrkom\u00f6te som v\u00e4ljarna just har r\u00f6stat bort. S\u00e5 var det 2009, d\u00e5 fr\u00e5gan om samk\u00f6nade \u00e4ktenskap avgjordes av det gamla kyrkom\u00f6tet, trots att det var den hetaste valfr\u00e5gan. I \u00e5r kan samma sak h\u00e4nda med fr\u00e5gor som g\u00e4ller skogen. Det \u00e4r olyckligt, b\u00e5de f\u00f6r f\u00f6rtroendet f\u00f6r kyrkan och f\u00f6r motivationen att delta i kyrkovalet.<\/p>\n<p>Det f\u00e5r ocks\u00e5 praktiska konsekvenser. Ett kyrkom\u00f6te som sitter kvar trots att det \u00e4r p\u00e5 v\u00e4g ut kan fatta beslut som binder kyrkan l\u00e5ngsiktigt. \u00c4ven andra slags beslut skapar os\u00e4kerhet f\u00f6r stift och f\u00f6rsamlingar som inte vet vilken riktning som egentligen g\u00e4ller och om de senaste besluten kommer att rivas upp s\u00e5 fort det g\u00e5r. Dessutom \u00e4r systemet inkonsekvent: p\u00e5 f\u00f6rsamlingsniv\u00e5 f\u00e5r de nyvalda fullm\u00e4ktige b\u00f6rja arbeta redan vid \u00e5rsskiftet, men p\u00e5 nationell niv\u00e5 f\u00e5r kyrkom\u00f6tet v\u00e4nta \u00f6ver ett \u00e5r. Det \u00e4r dessutom sv\u00e5rt att f\u00f6rklara varf\u00f6r kyrkan ska beh\u00f6va vara s\u00e5 mycket l\u00e5ngsammare \u00e4n samh\u00e4llet med sitt eget demokratiska system.<\/p>\n<p><strong>Och vilken signal <\/strong>s\u00e4nder detta ut\u00e5t? Svenska kyrkan vill framst\u00e5 som en modern och ansvarstagande demokratisk folkkyrka, men n\u00e4r valresultatet dr\u00f6jer s\u00e5 l\u00e4nge med att f\u00e5 genomslag framst\u00e5r systemet snarare som otidsenligt och ineffektivt. Det riskerar att urholka f\u00f6rtroendet b\u00e5de inom och utanf\u00f6r kyrkan.<\/p>\n<p>Det borde g\u00e5 att ordna detta b\u00e4ttre. En m\u00f6jlighet \u00e4r att bygga vidare p\u00e5 id\u00e9n med tematiska kyrkom\u00f6ten och l\u00e5ta ett s\u00e5dant avsluta varje mandatperiod. P\u00e5 s\u00e5 s\u00e4tt kan man undvika att viktiga principbeslut fattas efter ett val men innan de nya ledam\u00f6terna tilltr\u00e4tt. En annan v\u00e4g \u00e4r helt enkelt att korta processen mellan valdagen och tilltr\u00e4det, s\u00e5 att kyrkan n\u00e4rmar sig den ordning som g\u00e4ller i samh\u00e4llet.<\/p>\n<p><strong>Man kan ocks\u00e5 <\/strong>t\u00e4nka sig att flytta kyrkovalet till v\u00e5ren och l\u00e5ta mandatperioden b\u00f6rja den 1 september. D\u00e5 skulle visserligen kyrkostyrelsen f\u00f6rbereda sina skrivelser till kyrkom\u00f6tet med ett lite svagare mandat, men behandlingen p\u00e5 h\u00f6sten skulle \u00e5tminstone ske av det nyvalda kyrkom\u00f6tet \u2013 inte det gamla.<\/p>\n<p>Exakt hur tidsplanen ska se ut beh\u00f6ver naturligtvis utredas. Men en sak \u00e4r klar: det borde inte beh\u00f6va ta \u00f6ver ett \u00e5r innan ett nyvalt kyrkom\u00f6te kan b\u00f6rja arbeta. Om valet ska k\u00e4nnas angel\u00e4get m\u00e5ste resultatet f\u00e5 sl\u00e5 igenom betydligt snabbare.<\/p>\n<p><strong>Mats Rimborg, <\/strong>ordf\u00f6rande f\u00f6r Posk i G\u00f6teborgs stift<\/p>\n","protected":false},"excerpt":{"rendered":"Debatt | Publicerad: 11 september 2025 07:00 Kyrkovalet \u00e4ger rum den 21 september i \u00e5r. D\u00e5 r\u00f6star vi&hellip;\n","protected":false},"author":2,"featured_media":27042,"comment_status":"","ping_status":"","sticky":false,"template":"","format":"standard","meta":{"footnotes":""},"categories":[12],"tags":[22,23,445,26,27,513,17,21,194,515,516,24,25,511,28,29,15,16,510,18,34,31,33,32,30,512,19,20,514],"class_list":{"0":"post-27041","1":"post","2":"type-post","3":"status-publish","4":"format-standard","5":"has-post-thumbnail","7":"category-sverige","8":"tag-breaking-news","9":"tag-breakingnews","10":"tag-debatt","11":"tag-featured-news","12":"tag-featurednews","13":"tag-forsamlingsliv","14":"tag-headlines","15":"tag-huvudnyheter","16":"tag-kultur","17":"tag-kyrka","18":"tag-kyrkliga-nyheter","19":"tag-latest-news","20":"tag-latestnews","21":"tag-ledare","22":"tag-main-news","23":"tag-mainnews","24":"tag-news","25":"tag-nyheter","26":"tag-nyhetsfordjupning","27":"tag-rubriker","28":"tag-se","29":"tag-svenska","30":"tag-sverige","31":"tag-sweden","32":"tag-swedish","33":"tag-teologi","34":"tag-top-stories","35":"tag-topstories","36":"tag-webb-tv"},"share_on_mastodon":{"url":"","error":""},"_links":{"self":[{"href":"https:\/\/www.europesays.com\/se\/wp-json\/wp\/v2\/posts\/27041","targetHints":{"allow":["GET"]}}],"collection":[{"href":"https:\/\/www.europesays.com\/se\/wp-json\/wp\/v2\/posts"}],"about":[{"href":"https:\/\/www.europesays.com\/se\/wp-json\/wp\/v2\/types\/post"}],"author":[{"embeddable":true,"href":"https:\/\/www.europesays.com\/se\/wp-json\/wp\/v2\/users\/2"}],"replies":[{"embeddable":true,"href":"https:\/\/www.europesays.com\/se\/wp-json\/wp\/v2\/comments?post=27041"}],"version-history":[{"count":0,"href":"https:\/\/www.europesays.com\/se\/wp-json\/wp\/v2\/posts\/27041\/revisions"}],"wp:featuredmedia":[{"embeddable":true,"href":"https:\/\/www.europesays.com\/se\/wp-json\/wp\/v2\/media\/27042"}],"wp:attachment":[{"href":"https:\/\/www.europesays.com\/se\/wp-json\/wp\/v2\/media?parent=27041"}],"wp:term":[{"taxonomy":"category","embeddable":true,"href":"https:\/\/www.europesays.com\/se\/wp-json\/wp\/v2\/categories?post=27041"},{"taxonomy":"post_tag","embeddable":true,"href":"https:\/\/www.europesays.com\/se\/wp-json\/wp\/v2\/tags?post=27041"}],"curies":[{"name":"wp","href":"https:\/\/api.w.org\/{rel}","templated":true}]}}