{"id":27065,"date":"2025-09-11T05:11:15","date_gmt":"2025-09-11T05:11:15","guid":{"rendered":"https:\/\/www.europesays.com\/se\/27065\/"},"modified":"2025-09-11T05:11:15","modified_gmt":"2025-09-11T05:11:15","slug":"detaljerna-bakom-zetterbergs-aterkomst-till-timra-shl","status":"publish","type":"post","link":"https:\/\/www.europesays.com\/se\/27065\/","title":{"rendered":"Detaljerna bakom Zetterbergs \u00e5terkomst till Timr\u00e5 | SHL"},"content":{"rendered":"<p>Publicerad 10 sep 2025 kl 17.28Uppdaterad kl 17.53<\/p>\n<p>PremiumHenrik Zetterberg \u00e4r tillbaka i Timr\u00e5 IK.<\/p>\n<p>Nu ber\u00e4ttar legendaren om den l\u00e5ngvariga dialogen med klubben \u2013 och hur han varit involverad i flera stora rekryteringar de senaste \u00e5ren.<\/p>\n<p>\u2013 Man vill omge sig med folk som vill klubbens b\u00e4sta och har fokus d\u00e4r, s\u00e4ger \u201dZ\u00e4ta\u201d.<\/p>\n<p><img   alt=\"\"\/><\/p>\n<p>Henrik Zetterberg har varit involverad i flera stora rekryteringar de senaste \u00e5ren.<\/p>\n<p>Foto: SIMON HASTEG\u00c5RD \/ BILDBYR\u00c5N<\/p>\n<p>\u00d6ppna bild i helsk\u00e4rm<\/p>\n","protected":false},"excerpt":{"rendered":"Publicerad 10 sep 2025 kl 17.28Uppdaterad kl 17.53 PremiumHenrik Zetterberg \u00e4r tillbaka i Timr\u00e5 IK. Nu ber\u00e4ttar legendaren&hellip;\n","protected":false},"author":2,"featured_media":27066,"comment_status":"","ping_status":"","sticky":false,"template":"","format":"standard","meta":{"footnotes":""},"categories":[68],"tags":[2154,3137,103,34,255,823,111,110,31,33,32,30],"class_list":{"0":"post-27065","1":"post","2":"type-post","3":"status-publish","4":"format-standard","5":"has-post-thumbnail","7":"category-sport","8":"tag-organization-timra-ik","9":"tag-person-henrik-zetterberg","10":"tag-premium","11":"tag-se","12":"tag-sections-ishockey","13":"tag-sections-shl","14":"tag-sport","15":"tag-sports","16":"tag-svenska","17":"tag-sverige","18":"tag-sweden","19":"tag-swedish"},"share_on_mastodon":{"url":"","error":""},"_links":{"self":[{"href":"https:\/\/www.europesays.com\/se\/wp-json\/wp\/v2\/posts\/27065","targetHints":{"allow":["GET"]}}],"collection":[{"href":"https:\/\/www.europesays.com\/se\/wp-json\/wp\/v2\/posts"}],"about":[{"href":"https:\/\/www.europesays.com\/se\/wp-json\/wp\/v2\/types\/post"}],"author":[{"embeddable":true,"href":"https:\/\/www.europesays.com\/se\/wp-json\/wp\/v2\/users\/2"}],"replies":[{"embeddable":true,"href":"https:\/\/www.europesays.com\/se\/wp-json\/wp\/v2\/comments?post=27065"}],"version-history":[{"count":0,"href":"https:\/\/www.europesays.com\/se\/wp-json\/wp\/v2\/posts\/27065\/revisions"}],"wp:featuredmedia":[{"embeddable":true,"href":"https:\/\/www.europesays.com\/se\/wp-json\/wp\/v2\/media\/27066"}],"wp:attachment":[{"href":"https:\/\/www.europesays.com\/se\/wp-json\/wp\/v2\/media?parent=27065"}],"wp:term":[{"taxonomy":"category","embeddable":true,"href":"https:\/\/www.europesays.com\/se\/wp-json\/wp\/v2\/categories?post=27065"},{"taxonomy":"post_tag","embeddable":true,"href":"https:\/\/www.europesays.com\/se\/wp-json\/wp\/v2\/tags?post=27065"}],"curies":[{"name":"wp","href":"https:\/\/api.w.org\/{rel}","templated":true}]}}