{"id":270690,"date":"2026-06-09T15:47:15","date_gmt":"2026-06-09T15:47:15","guid":{"rendered":"https:\/\/www.europesays.com\/se\/270690\/"},"modified":"2026-06-09T15:47:15","modified_gmt":"2026-06-09T15:47:15","slug":"pizzeria-ferrari-i-henan-tvingas-byta-namn-efter-30-ar","status":"publish","type":"post","link":"https:\/\/www.europesays.com\/se\/270690\/","title":{"rendered":"Pizzeria Ferrari i Hen\u00e5n tvingas byta namn \u2013 efter 30 \u00e5r"},"content":{"rendered":"<p>Uppdaterad 9 jun 2026 kl 16.43Publicerad 9 jun 2026 kl 16.27<\/p>\n<p>Pizzerian i Hern\u00e5n har funnits i 30 \u00e5r utan att n\u00e5gon har reagerat.\u00a0<\/p>\n<p>Men nu har ett italienskt lyxm\u00e4rke h\u00f6rt av sig med flera krav.\u00a0<\/p>\n<p>\u2013 Det k\u00e4nns l\u00f6jligt efter 30 \u00e5r, s\u00e4ger restaurang\u00e4garen Kerim Al.\u00a0<\/p>\n<p>Senaste nyhetsklippen fr\u00e5n Expressen.<img   alt=\"\"\/><\/p>\n<p>Restaurang\u00e4garen Kerim Al framf\u00f6r Pizzeria Ferrari i Hern\u00e5n \u2013 som nu tvingas byta namn.<\/p>\n<p>Foto: Privat<\/p>\n<p>\u00d6ppna bild i helsk\u00e4rm<img loading=\"lazy\"   alt=\"\"\/><\/p>\n<p>\u201dDet k\u00e4nns l\u00f6jligt efter 30 \u00e5r\u201d, s\u00e4ger Kerim.<\/p>\n<p>Foto: Privat<\/p>\n<p>\u00d6ppna bild i helsk\u00e4rm<\/p>\n<p>Imorgon onsdag klockan 12 m\u00e5ste Kerim Al ta ner skylten fr\u00e5n sin restaurang p\u00e5 V\u00e4stkusten, efter att den prytt pizzerian i \u00f6ver 30 \u00e5r.\u00a0<\/p>\n<p>Pizzeria <a href=\"https:\/\/www.expressen.se\/tagg\/organization\/ferrari\/\" class=\"\" rel=\"nofollow noopener\" target=\"_blank\">Ferrari<\/a> tvingas n\u00e4mligen byta namn efter att f\u00f6rlorat en varum\u00e4rkestvist mot den italienska bilj\u00e4ttens advokater.\u00a0<\/p>\n<p>Ferrari anser att pizzerian i Hen\u00e5n anv\u00e4nder namnet f\u00f6r att dra nytta av varum\u00e4rkets anseende, rapporterar <a href=\"https:\/\/nyhetersto.se\/2026\/06\/07\/ferrari-vs-ferrari-namntvist-tvingar-pizzerian-i-henan-att-byta-namn-efter-30-ar\/\" rel=\"nofollow noopener\" target=\"_blank\">Nyheter STO<\/a>.<\/p>\n<p><img loading=\"lazy\"   alt=\"\"\/><\/p>\n<p>Pizzeria Ferrari d\u00f6ps nu allts\u00e5 om till Hen\u00e5ns pizzeria.<\/p>\n<p>Foto: Privat<\/p>\n<p>\u00d6ppna bild i helsk\u00e4rmAdvokaternas krav<\/p>\n<p>Men det \u00e4r inte bara namnet som advokaterna menar saknar tillst\u00e5nd. De kr\u00e4ver ocks\u00e5 att pizzerian \u00e4ndrar logotypen p\u00e5 skyltar, menyer, kartonger, sajten och allt annat material.<\/p>\n<p>\u2013 Det k\u00e4nns l\u00f6jligt efter 30 \u00e5r. Jag fattar inte varf\u00f6r. Jag tycker jag gjort bra reklam f\u00f6r Ferrari, s\u00e4ger restaurangens \u00e4gare Kerim Al.<\/p>\n<p>Det nya namnet blir Hen\u00e5ns pizzeria.<\/p>\n<p>\u2013 Det \u00e4r ett litet samh\u00e4lle, s\u00e5 jag tror \u00e4nd\u00e5 att det kommer bli bra. Vi har god mat, goda pizzor, det blir bra, s\u00e4ger Kerim Al.<\/p>\n<p>Svenska pizzerian tvingas byta namn efter 30 \u00e5r.<\/p>\n","protected":false},"excerpt":{"rendered":"Uppdaterad 9 jun 2026 kl 16.43Publicerad 9 jun 2026 kl 16.27 Pizzerian i Hern\u00e5n har funnits i 30&hellip;\n","protected":false},"author":2,"featured_media":270691,"comment_status":"","ping_status":"","sticky":false,"template":"","format":"standard","meta":{"footnotes":"","_share_on_mastodon":"0"},"categories":[5],"tags":[22,23,26,27,17,21,24,25,28,29,15,16,6848,18,34,154,31,33,32,30,19,965,20],"class_list":["post-270690","post","type-post","status-publish","format-standard","has-post-thumbnail","category-rubriker","tag-breaking-news","tag-breakingnews","tag-featured-news","tag-featurednews","tag-headlines","tag-huvudnyheter","tag-latest-news","tag-latestnews","tag-main-news","tag-mainnews","tag-news","tag-nyheter","tag-organization-ferrari","tag-rubriker","tag-se","tag-sections-sverige","tag-svenska","tag-sverige","tag-sweden","tag-swedish","tag-top-stories","tag-topic-restaurang","tag-topstories"],"share_on_mastodon":{"url":"https:\/\/pubeurope.com\/@se\/116720936035796145","error":""},"_links":{"self":[{"href":"https:\/\/www.europesays.com\/se\/wp-json\/wp\/v2\/posts\/270690","targetHints":{"allow":["GET"]}}],"collection":[{"href":"https:\/\/www.europesays.com\/se\/wp-json\/wp\/v2\/posts"}],"about":[{"href":"https:\/\/www.europesays.com\/se\/wp-json\/wp\/v2\/types\/post"}],"author":[{"embeddable":true,"href":"https:\/\/www.europesays.com\/se\/wp-json\/wp\/v2\/users\/2"}],"replies":[{"embeddable":true,"href":"https:\/\/www.europesays.com\/se\/wp-json\/wp\/v2\/comments?post=270690"}],"version-history":[{"count":0,"href":"https:\/\/www.europesays.com\/se\/wp-json\/wp\/v2\/posts\/270690\/revisions"}],"wp:featuredmedia":[{"embeddable":true,"href":"https:\/\/www.europesays.com\/se\/wp-json\/wp\/v2\/media\/270691"}],"wp:attachment":[{"href":"https:\/\/www.europesays.com\/se\/wp-json\/wp\/v2\/media?parent=270690"}],"wp:term":[{"taxonomy":"category","embeddable":true,"href":"https:\/\/www.europesays.com\/se\/wp-json\/wp\/v2\/categories?post=270690"},{"taxonomy":"post_tag","embeddable":true,"href":"https:\/\/www.europesays.com\/se\/wp-json\/wp\/v2\/tags?post=270690"}],"curies":[{"name":"wp","href":"https:\/\/api.w.org\/{rel}","templated":true}]}}