{"id":27080,"date":"2025-09-11T05:27:09","date_gmt":"2025-09-11T05:27:09","guid":{"rendered":"https:\/\/www.europesays.com\/se\/27080\/"},"modified":"2025-09-11T05:27:09","modified_gmt":"2025-09-11T05:27:09","slug":"tvingas-andra-pa-grund-av-extremhetta-friidrott","status":"publish","type":"post","link":"https:\/\/www.europesays.com\/se\/27080\/","title":{"rendered":"Tvingas \u00e4ndra p\u00e5 grund av extremhetta | Friidrott"},"content":{"rendered":"<p>Publicerad 11 sep 2025 kl 06.19Uppdaterad kl 07.00<\/p>\n<p>Extremv\u00e4rmen st\u00e4ller till det f\u00f6r friidrotts-VM i Tokyo.<\/p>\n<p>Nu tvingas arrang\u00f6rerna flytta flera lopp p\u00e5 grund av de h\u00f6ga temperaturerna.<\/p>\n<p><img   alt=\"\"\/><\/p>\n<p>\u00c5rets sommar i Japan har varit historiens varmaste.<\/p>\n<p>Foto: Rodrigo Reyes Marin \/ ZUMA\/IBL<\/p>\n<p>\u00d6ppna bild i helsk\u00e4rm<img loading=\"lazy\"   alt=\"\"\/><\/p>\n<p>Armand Duplantis \u00e4r Sveriges fr\u00e4msta guldhopp i VM.<\/p>\n<p>Foto: MICHAEL BUHOLZER \/ EPA KEYSTONE<\/p>\n<p>\u00d6ppna bild i helsk\u00e4rm<img loading=\"lazy\"   alt=\"\"\/><\/p>\n<p>Perseus Karlstr\u00f6m jagar medalj i g\u00e5ng.<\/p>\n<p>Foto: KALLE PARKKINEN \/ BILDBYR\u00c5N<\/p>\n<p>\u00d6ppna bild i helsk\u00e4rm<\/p>\n<p>L\u00f6rdagens 35 kilometer g\u00e5ng f\u00f6r herrar och damer, damernas maraton p\u00e5 s\u00f6ndag och herrarnas maraton p\u00e5 m\u00e5ndag kommer alla starta en halvtimme tidigare \u00e4n det var t\u00e4nkt.<\/p>\n<p>Ist\u00e4llet f\u00f6r 08.00 blir ny starttid 07.30.<\/p>\n<p>\u2013 Det \u00e4r ett sv\u00e5rt men samtidigt positivt beslut. V\u00e4rlden blir varmare och h\u00e4r i Tokyo \u00e4r temperaturen och luftfuktigheten h\u00f6gre \u00e4n normalt. Det \u00e4r viktigt atleternas h\u00e4lsa och s\u00e4kerhet g\u00e5r f\u00f6re allt annat, s\u00e4ger Jon Ridgeon, vd f\u00f6r det internationella friidrottsf\u00f6rbundet WA.<\/p>\n<p>\u00c5rets sommar har varit den varmaste i Japan sedan m\u00e4tningarna startade 1898. I helgen v\u00e4ntas upp till 32 grader och 88 procent luftfuktighet.<\/p>\n<p>\u2013 Jag \u00e4r v\u00e4ldigt glad att jag inte \u00e4r maratonl\u00f6pare, s\u00e4ger det svenska guldhoppet Armand Duplantis.<\/p>\n<p>Kan kastas ut fr\u00e5n VM: \u201dDet \u00e4r oundvikligt\u201d<\/p>\n<p>Inf\u00f6r m\u00e4sterskapen i Tokyo \u00f6ppnade det WA-presidenten Sebastian Coe f\u00f6r att maraton och g\u00e5ng kan brytas loss fr\u00e5n VM och avg\u00f6ras p\u00e5 en annan plats och tid p\u00e5 \u00e5ret.\u00a0<\/p>\n<p>\u2013 Det \u00e4r oundvikligt att vi kommer att beh\u00f6va anordna n\u00e5gra av v\u00e5ra uth\u00e5llighetsgrenar under, kanske, n\u00e5gon del av \u00e5ret d\u00e5 vi kan ge idrottarna optimala chanser, sa Coe.<\/p>\n<p>Suldan Hassan och Ebba Tulu Chala representerar Sverige i herrarnas maraton. Perseus Karlstr\u00f6m jagar sin femte VM-medalj i g\u00e5ngen.<\/p>\n<p>Friidrotts-VM inleds p\u00e5 l\u00f6rdag med just 35 kilometer g\u00e5ng.<\/p>\n","protected":false},"excerpt":{"rendered":"Publicerad 11 sep 2025 kl 06.19Uppdaterad kl 07.00 Extremv\u00e4rmen st\u00e4ller till det f\u00f6r friidrotts-VM i Tokyo. Nu tvingas&hellip;\n","protected":false},"author":2,"featured_media":27081,"comment_status":"","ping_status":"","sticky":false,"template":"","format":"standard","meta":{"footnotes":""},"categories":[68],"tags":[34,811,111,110,31,33,32,30],"class_list":{"0":"post-27080","1":"post","2":"type-post","3":"status-publish","4":"format-standard","5":"has-post-thumbnail","7":"category-sport","8":"tag-se","9":"tag-sections-friidrott","10":"tag-sport","11":"tag-sports","12":"tag-svenska","13":"tag-sverige","14":"tag-sweden","15":"tag-swedish"},"share_on_mastodon":{"url":"","error":""},"_links":{"self":[{"href":"https:\/\/www.europesays.com\/se\/wp-json\/wp\/v2\/posts\/27080","targetHints":{"allow":["GET"]}}],"collection":[{"href":"https:\/\/www.europesays.com\/se\/wp-json\/wp\/v2\/posts"}],"about":[{"href":"https:\/\/www.europesays.com\/se\/wp-json\/wp\/v2\/types\/post"}],"author":[{"embeddable":true,"href":"https:\/\/www.europesays.com\/se\/wp-json\/wp\/v2\/users\/2"}],"replies":[{"embeddable":true,"href":"https:\/\/www.europesays.com\/se\/wp-json\/wp\/v2\/comments?post=27080"}],"version-history":[{"count":0,"href":"https:\/\/www.europesays.com\/se\/wp-json\/wp\/v2\/posts\/27080\/revisions"}],"wp:featuredmedia":[{"embeddable":true,"href":"https:\/\/www.europesays.com\/se\/wp-json\/wp\/v2\/media\/27081"}],"wp:attachment":[{"href":"https:\/\/www.europesays.com\/se\/wp-json\/wp\/v2\/media?parent=27080"}],"wp:term":[{"taxonomy":"category","embeddable":true,"href":"https:\/\/www.europesays.com\/se\/wp-json\/wp\/v2\/categories?post=27080"},{"taxonomy":"post_tag","embeddable":true,"href":"https:\/\/www.europesays.com\/se\/wp-json\/wp\/v2\/tags?post=27080"}],"curies":[{"name":"wp","href":"https:\/\/api.w.org\/{rel}","templated":true}]}}