{"id":270953,"date":"2026-06-09T20:11:11","date_gmt":"2026-06-09T20:11:11","guid":{"rendered":"https:\/\/www.europesays.com\/se\/270953\/"},"modified":"2026-06-09T20:11:11","modified_gmt":"2026-06-09T20:11:11","slug":"casper-ellervik-vinner-boxen-i-tv4","status":"publish","type":"post","link":"https:\/\/www.europesays.com\/se\/270953\/","title":{"rendered":"Casper Ellervik vinner Boxen i TV4"},"content":{"rendered":"<p>Petra Mellblom, 29, personlig tr\u00e4nare, H\u00e4sselby<\/p>\n<p>Linn\u00e9a Kallaste, 26, student, G\u00f6teborg<\/p>\n<p>Nora Day, 21, makeup-artist, Tumba<\/p>\n<p>My Hedlund, 37, kriminalv\u00e5rdare, Helsingborg<\/p>\n<p>Anna Betn\u00e9r, 44, barnsk\u00f6tare, Upplands V\u00e4sby<\/p>\n<p>Tiger Saari, 61, yrkesl\u00e4rare, G\u00f6teborg<\/p>\n<p>Rasmus Elfstr\u00f6m, 34, fastighetsm\u00e4klare, H\u00e4gersten<\/p>\n<p>Yacine Laghmari, 29, mjukvaruutvecklare, H\u00e4gersten<\/p>\n<p>H\u00e5kan St\u00e5lhammar, 62, l\u00e4kare, Karlskoga<\/p>\n<p>Kim Bao, 35, vd, Sundbyberg<\/p>\n<p>Omar Ramadan, 34, entrepren\u00f6r, Saltsj\u00f6\u2011Boo<\/p>\n<p>Casper Ellervik, 24, finansiell r\u00e5dgivare och jurist, Norrk\u00f6ping<\/p>\n<p>Calle Svane, 46, polis, Varberg<\/p>\n","protected":false},"excerpt":{"rendered":"Petra Mellblom, 29, personlig tr\u00e4nare, H\u00e4sselby Linn\u00e9a Kallaste, 26, student, G\u00f6teborg Nora Day, 21, makeup-artist, Tumba My Hedlund,&hellip;\n","protected":false},"author":2,"featured_media":270954,"comment_status":"","ping_status":"","sticky":false,"template":"","format":"standard","meta":{"footnotes":"","_share_on_mastodon":"0"},"categories":[67],"tags":[104,384,4541,34,645,31,33,32,30,218,646,105],"class_list":["post-270953","post","type-post","status-publish","format-standard","has-post-thumbnail","category-underhallning","tag-entertainment","tag-organization-tv4","tag-person-par-lernstrom","tag-se","tag-sections-tv","tag-svenska","tag-sverige","tag-sweden","tag-swedish","tag-topic-realityprogram","tag-topic-tv-serier","tag-underhallning"],"share_on_mastodon":{"url":"https:\/\/pubeurope.com\/@se\/116721974513396242","error":""},"_links":{"self":[{"href":"https:\/\/www.europesays.com\/se\/wp-json\/wp\/v2\/posts\/270953","targetHints":{"allow":["GET"]}}],"collection":[{"href":"https:\/\/www.europesays.com\/se\/wp-json\/wp\/v2\/posts"}],"about":[{"href":"https:\/\/www.europesays.com\/se\/wp-json\/wp\/v2\/types\/post"}],"author":[{"embeddable":true,"href":"https:\/\/www.europesays.com\/se\/wp-json\/wp\/v2\/users\/2"}],"replies":[{"embeddable":true,"href":"https:\/\/www.europesays.com\/se\/wp-json\/wp\/v2\/comments?post=270953"}],"version-history":[{"count":0,"href":"https:\/\/www.europesays.com\/se\/wp-json\/wp\/v2\/posts\/270953\/revisions"}],"wp:featuredmedia":[{"embeddable":true,"href":"https:\/\/www.europesays.com\/se\/wp-json\/wp\/v2\/media\/270954"}],"wp:attachment":[{"href":"https:\/\/www.europesays.com\/se\/wp-json\/wp\/v2\/media?parent=270953"}],"wp:term":[{"taxonomy":"category","embeddable":true,"href":"https:\/\/www.europesays.com\/se\/wp-json\/wp\/v2\/categories?post=270953"},{"taxonomy":"post_tag","embeddable":true,"href":"https:\/\/www.europesays.com\/se\/wp-json\/wp\/v2\/tags?post=270953"}],"curies":[{"name":"wp","href":"https:\/\/api.w.org\/{rel}","templated":true}]}}