{"id":271118,"date":"2026-06-10T00:10:14","date_gmt":"2026-06-10T00:10:14","guid":{"rendered":"https:\/\/www.europesays.com\/se\/271118\/"},"modified":"2026-06-10T00:10:14","modified_gmt":"2026-06-10T00:10:14","slug":"bluffen-i-tv4s-boxen-vinnaren-avslojar-sanningen","status":"publish","type":"post","link":"https:\/\/www.europesays.com\/se\/271118\/","title":{"rendered":"Bluffen i TV4:s Boxen \u2013 vinnaren avsl\u00f6jar sanningen"},"content":{"rendered":"<p>Uppdaterad 9 jun 2026 kl 23.26Publicerad 9 jun 2026 kl 21.55<\/p>\n<p>I TV4:s \u201dBoxen\u201d \u00e4r deltagarna inst\u00e4ngda i boxar som ser ut att transporteras p\u00e5 lastbilar, t\u00e5g och i lyftkranar.\u00a0<\/p>\n<p>Men s\u00e5 \u00e4r inte fallet.\u00a0<\/p>\n<p>Nu avsl\u00f6jar vinnaren hur det egentligen gick till. \u00a0<\/p>\n<p><img   alt=\"\"\/><\/p>\n<p>Boxarna transporteras av en lastbil i \u201dBoxen\u201d.<\/p>\n<p>Foto: TV4.<\/p>\n<p>\u00d6ppna bild i helsk\u00e4rm<img loading=\"lazy\"   alt=\"\"\/><\/p>\n<p>Boxarna transporteras p\u00e5 ett t\u00e5g.<\/p>\n<p>Foto: TV4.<\/p>\n<p>\u00d6ppna bild i helsk\u00e4rm<img loading=\"lazy\"   alt=\"\"\/><\/p>\n<p>Boxarna lyfts upp av en lyftkran.<\/p>\n<p>Foto: TV4.<\/p>\n<p>\u00d6ppna bild i helsk\u00e4rm<img loading=\"lazy\"   alt=\"\"\/><\/p>\n<p>\u201dBoxen\u201d-deltagaren Kim Bao ser ut att st\u00e5 i en box som r\u00f6r sig och skakar.<\/p>\n<p>Foto: TV4.<\/p>\n<p>\u00d6ppna bild i helsk\u00e4rm<img loading=\"lazy\"   alt=\"\"\/>\u00d6ppna bild i helsk\u00e4rm<\/p>\n<p>\u201dI Boxen kommer 13 deltagare kastas in i ov\u00e4ntade utmaningar \u2013 varje g\u00e5ng genom att kliva in i en mystisk gul box. N\u00e4r d\u00f6rrarna till boxarna \u00f6ppnas kan vad som helst h\u00e4nda vilket s\u00e4tter b\u00e5de mod och kreativitet p\u00e5 prov.\u201d.\u00a0<\/p>\n<p>S\u00e5 beskriver <a href=\"https:\/\/www.expressen.se\/tagg\/organization\/tv4\/\" class=\"\" rel=\"nofollow noopener\" target=\"_blank\">TV4<\/a> sitt nya program \u201dBoxen\u201d, som precis haft s\u00e4songsavslutning.\u00a0<\/p>\n<p>I programmet visas hur boxarna bland annat transporteras p\u00e5 ett t\u00e5g, i en lastbil och lyfts upp i en lyftkran. D\u00e4remellan klipps det till hur deltagarna har sv\u00e5rt att h\u00e5lla balansen i sina skakande boxar. \u00a0<\/p>\n<p>Men faktum \u00e4r att deltagarna inte alls transporteras i de gula boxarna. Det avsl\u00f6jar nu vinnaren Casper Ellervik, 25.\u00a0<\/p>\n<p>\u2013 Det skulle ju g\u00e5 emot alla lagar och regler g\u00e4llande trafiks\u00e4kerhet, vad jag vet. S\u00e5 svaret \u00e4r att tyv\u00e4rr, nej, det g\u00f6r vi inte.\u00a0<\/p>\n<p>\u201dHelt bortkopplad\u201d\u00a0<\/p>\n<p>Han ber\u00e4ttar d\u00e4remot att deltagarna f\u00e5r \u00f6gonbindel och h\u00f6rselk\u00e5por innan de l\u00e4mnar basen d\u00e4r de bor. De tas inte av f\u00f6rr\u00e4n deltagarna har letts in i sina boxar, p\u00e5 en ny, ok\u00e4nd plats.\u00a0<\/p>\n<p>\u2013 Vi har ju fortfarande ingen aning om vad vi ska g\u00f6ra, och ibland kunde det \u00e4nd\u00e5 ta upp till tre timmar fr\u00e5n att vi l\u00e4mnade basen tills att en utmaning b\u00f6rjade. D\u00e5 \u00e4r man helt bortkopplad. S\u00e5 p\u00e5 s\u00e5 s\u00e4tt blir det \u00e4nd\u00e5 liknande.\u00a0<\/p>\n<p><img loading=\"lazy\"   alt=\"\"\/><\/p>\n<p>Casper Ellervik vann \u201dBoxen\u201d i TV4.<\/p>\n<p>Foto: Viktor G\u00e5rds\u00e4ter\/TV4<\/p>\n<p>\u00d6ppna bild i helsk\u00e4rm<\/p>\n","protected":false},"excerpt":{"rendered":"Uppdaterad 9 jun 2026 kl 23.26Publicerad 9 jun 2026 kl 21.55 I TV4:s \u201dBoxen\u201d \u00e4r deltagarna inst\u00e4ngda i&hellip;\n","protected":false},"author":2,"featured_media":271119,"comment_status":"","ping_status":"","sticky":false,"template":"","format":"standard","meta":{"footnotes":"","_share_on_mastodon":"0"},"categories":[67],"tags":[104,384,34,645,31,33,32,30,218,105],"class_list":["post-271118","post","type-post","status-publish","format-standard","has-post-thumbnail","category-underhallning","tag-entertainment","tag-organization-tv4","tag-se","tag-sections-tv","tag-svenska","tag-sverige","tag-sweden","tag-swedish","tag-topic-realityprogram","tag-underhallning"],"share_on_mastodon":{"url":"https:\/\/pubeurope.com\/@se\/116722914273548124","error":""},"_links":{"self":[{"href":"https:\/\/www.europesays.com\/se\/wp-json\/wp\/v2\/posts\/271118","targetHints":{"allow":["GET"]}}],"collection":[{"href":"https:\/\/www.europesays.com\/se\/wp-json\/wp\/v2\/posts"}],"about":[{"href":"https:\/\/www.europesays.com\/se\/wp-json\/wp\/v2\/types\/post"}],"author":[{"embeddable":true,"href":"https:\/\/www.europesays.com\/se\/wp-json\/wp\/v2\/users\/2"}],"replies":[{"embeddable":true,"href":"https:\/\/www.europesays.com\/se\/wp-json\/wp\/v2\/comments?post=271118"}],"version-history":[{"count":0,"href":"https:\/\/www.europesays.com\/se\/wp-json\/wp\/v2\/posts\/271118\/revisions"}],"wp:featuredmedia":[{"embeddable":true,"href":"https:\/\/www.europesays.com\/se\/wp-json\/wp\/v2\/media\/271119"}],"wp:attachment":[{"href":"https:\/\/www.europesays.com\/se\/wp-json\/wp\/v2\/media?parent=271118"}],"wp:term":[{"taxonomy":"category","embeddable":true,"href":"https:\/\/www.europesays.com\/se\/wp-json\/wp\/v2\/categories?post=271118"},{"taxonomy":"post_tag","embeddable":true,"href":"https:\/\/www.europesays.com\/se\/wp-json\/wp\/v2\/tags?post=271118"}],"curies":[{"name":"wp","href":"https:\/\/api.w.org\/{rel}","templated":true}]}}