{"id":27139,"date":"2025-09-11T06:47:08","date_gmt":"2025-09-11T06:47:08","guid":{"rendered":"https:\/\/www.europesays.com\/se\/27139\/"},"modified":"2025-09-11T06:47:08","modified_gmt":"2025-09-11T06:47:08","slug":"forstarkt-influensavaccin-gav-ej-fordel-i-ny-studie","status":"publish","type":"post","link":"https:\/\/www.europesays.com\/se\/27139\/","title":{"rendered":"F\u00f6rst\u00e4rkt influensavaccin gav ej f\u00f6rdel i ny studie"},"content":{"rendered":"<p><img loading=\"lazy\" width=\"145\" height=\"200\" src=\"https:\/\/www.europesays.com\/se\/wp-content\/uploads\/2025\/09\/Johanna-Rubin-Portr\u00e4tt.jpg\" class=\"attachment-original size-original\" alt=\"\" decoding=\"async\"\/><\/p>\n<p>Johanna Rubin<br \/>Foto: Lena Katarina Johansson\/Folkh\u00e4lsomyndigheten<\/p>\n<p>Ett f\u00f6rst\u00e4rkt influensavaccin skyddade varken b\u00e4ttre eller s\u00e4mre \u00e4n standardvaccin i en stor dansk studie av \u00f6ver 332\u00a0000 personer som var 65 \u00e5r eller \u00e4ldre.<\/p>\n<p><strong>\u2013\u00a0Resultatet \u00e4r lite<\/strong> f\u00f6rv\u00e5nande. Den \u00e4r en intressant pusselbit i fr\u00e5gan om vilket extra skydd som f\u00f6rst\u00e4rkta vacciner mot s\u00e4songsinfluensa kan ge, s\u00e4ger Johanna Rubin, barnl\u00e4kare och samordnare f\u00f6r enheten f\u00f6r vaccinationsprogram vid Folkh\u00e4lsomyndigheten.<\/p>\n<p>F\u00f6rst\u00e4rkt influensavaccin till de sk\u00f6raste<\/p>\n<p>I Sverige b\u00f6rjade n\u00e5gra regioner\u00a0erbjuda f\u00f6rst\u00e4rkt influensavaccin till de \u00e4ldsta och sk\u00f6raste 2020. Sedan f\u00f6ljde \u00f6vriga regioner efter och numer anv\u00e4nder alla f\u00f6rst\u00e4rkt vaccin till denna m\u00e5lgrupp.<\/p>\n<p><strong>N\u00e4r h\u00f6stens vaccinkampanj<\/strong> startar i mitten av oktober kommer personer som \u00e4r f\u00f6dda 1960 eller tidigare och som bor p\u00e5 s\u00e4rskilt boende, S\u00c4BO, ett s\u00e5dant influensavaddin. Vissa regioner har \u00e4ven breddat till att ocks\u00e5 erbjuda dem i \u00e5ldersgruppen som har hemsjukv\u00e5rd eller avancerad sjukv\u00e5rd i hemmet f\u00f6rst\u00e4rkt influensavaccin.<\/p>\n<p>\u2013\u00a0Man vill verkligen skydda de sk\u00f6raste grupperna, s\u00e4ger Johanna Rubin till L\u00e4kemedelsv\u00e4rlden.<\/p>\n<p>Flera vaccintyper<\/p>\n<p>Det finns flera typer av f\u00f6rst\u00e4rkta influensavacciner som alla \u00e4r gjorda f\u00f6r att f\u00e5 immunf\u00f6rsvaret att reagera starkare \u00e4n p\u00e5 standardvaccinerna och p\u00e5 s\u00e5 s\u00e4tt \u00f6ka skyddet. En av typerna \u00e4r adjuvanterat vaccin som inneh\u00e5ller ett adjuvans, ett \u00e4mne som f\u00f6rst\u00e4rker effekten. Det \u00e4r denna typ av f\u00f6rst\u00e4rkt influensavaccin som regionerna under kommande s\u00e4song kommer att erbjuda de sk\u00f6raste riskgrupperna.<\/p>\n<p><strong>Men skyddar f\u00f6rst\u00e4rkta<\/strong> influensavacciner verkligen b\u00e4ttre \u00e4n standardvacciner och i s\u00e5 fall hur mycket b\u00e4ttre? Den fr\u00e5gan har vaccinforskare och h\u00e4lsomyndigheter \u00e4nnu inget helt s\u00e4kert svar p\u00e5.<\/p>\n<p>Flera studier har gjorts de senaste \u00e5ren. EU:s smittskyddsmyndighet ECDC gjorde 2020 en kunskaps\u00f6versikt som uppdaterades 2024 (bland annat med medverkan av svenska Folkh\u00e4lsomyndigheten). ECDC:s slutsatser \u00e4r att \u00e4ven om fler studier beh\u00f6vs s\u00e5 tyder forskningsl\u00e4get f\u00f6r n\u00e4rvarande p\u00e5 att f\u00f6rst\u00e4rkta vacciner ger ett n\u00e5got b\u00e4ttre skydd \u00e4n de vanliga.<\/p>\n<p>Inte till alla \u00e4ldre i Sverige<\/p>\n<p>I flera l\u00e4nder i Europa, bland andra Tyskland och \u00d6sterrike, ges f\u00f6rst\u00e4rkt influensavaccin till alla fr\u00e5n och med 65 \u00e5rs \u00e5lder. Det har \u00e4ven Sverige \u00f6verv\u00e4gt att utreda.<\/p>\n<p><strong>\u2013\u00a0Vi har hittills<\/strong> stannat vid att rekommendera det till de allra sk\u00f6raste grupperna. De \u00e4ldre som bor p\u00e5 s\u00e4rskilda boenden \u00e4r extra s\u00e5rbara p\u00e5 flera s\u00e4tt. Dels f\u00f6r att deras immunf\u00f6rsvar p\u00e5 grund av \u00e5lder och kanske annan sjukdom fungerar s\u00e4mre. Och dels f\u00f6r att de kommer i kontakt med mycket personal som kan sprida influensaviruset, s\u00e4ger Johanna Rubin.<\/p>\n<p>\u2013 D\u00e4rf\u00f6r menar vi att \u00e4ven om det f\u00f6rst\u00e4rkta vaccinet bara \u00e4r lite b\u00e4ttre \u00e4n standardvaccinet s\u00e5 kan det vara v\u00e4rt att anv\u00e4nda det till dessa grupper.<\/p>\n<p>Dansk studie hittade ingen skillnad<\/p>\n<p>Men nyligen publicerade danska forskare en studie i <a href=\"https:\/\/www.nejm.org\/doi\/full\/10.1056\/NEJMoa2509907?query=featured_home\" rel=\"nofollow noopener\" target=\"_blank\">New England journal of medicine<\/a> som pekar \u00e5t ett annat h\u00e5ll \u00e4n ECDC-analyserna. Unders\u00f6kningen var en s\u00e5 kallad pragmatisk studie som j\u00e4mf\u00f6rde f\u00f6rst\u00e4rkt vaccin och standardvaccin under praktisk anv\u00e4ndning i verkliga vaccinkampanjer i Danmark.<\/p>\n<p><strong>Analysen t\u00e4cker influensavaccineringen<\/strong> i landet under kampanjerna 2022-2023, 2023-2024 och 2024-2025. Sammanlagt randomiserade forskarna 332 438 personer p\u00e5 65 \u00e5r eller \u00e4ldre till att antingen f\u00e5 f\u00f6rst\u00e4rkt vaccin eller standardvaccin mot s\u00e4songsinfluensa.<\/p>\n<p>De vaccinerade f\u00f6ljdes upp fram till sista maj \u00e5ret efter vaccineringen. Forskarna s\u00e5g en mycket liten skillnad mellan grupperna till det f\u00f6rst\u00e4rkta vaccinets f\u00f6rdel, men skillnaden var inte statistiskt signifikant.<\/p>\n<p><strong>Deras slutsats \u00e4r<\/strong> att det f\u00f6rst\u00e4rkta vaccinet inte resulterade i n\u00e5gon signifikant l\u00e4gre f\u00f6rekomst av sjukhusinl\u00e4ggning f\u00f6r influensa eller lunginflammation \u00e4n standardvaccin. Biverkningsprofilerna var likartade. Studien var finansierad av l\u00e4kemedelsf\u00f6retaget Sanofi, som marknadsf\u00f6r det f\u00f6rst\u00e4rkta vaccinet.<\/p>\n<p>Ska utv\u00e4rdera h\u00e4lsoekonomiskt<\/p>\n<p>Vaccinet i fr\u00e5ga \u00e4r av typen h\u00f6gdosvaccin och allts\u00e5 inte samma typ av f\u00f6rst\u00e4rkt vaccin som i h\u00f6st kommer att anv\u00e4ndas i Sverige. Men Johanna Rubin menar att studien \u00e4nd\u00e5 ger information som det \u00e4r viktigt att ta med i fortsatt utv\u00e4rdering i v\u00e5rt land.<\/p>\n<p><strong>\u00c4ven om de<\/strong> \u00f6verenskomna vaccinpriserna i regionernas upphandlingar \u00e4r hemliga, \u00e4r det en inte alltf\u00f6r v\u00e5gad gissning att f\u00f6rst\u00e4rkt vaccin \u00e4r dyrare \u00e4n standarddoserna. Det \u00e4r f\u00f6rst\u00e5s viktigt att vara s\u00e5 s\u00e4ker som m\u00f6jligt p\u00e5 att prisskillnaden kan motiveras med b\u00e4ttre skyddseffekt.<\/p>\n<p>\u2013 Vi kommer att ta upp fr\u00e5gan igen om att g\u00f6ra en h\u00e4lsoekonomisk genomg\u00e5ng av hur det ser ut hos oss i Sverige och om f\u00f6rst\u00e4rkt vaccin \u00e4r kostnadseffektivt, s\u00e4ger Johanna Rubin.<\/p>\n<p><strong>\u2013 Nu finns mer<\/strong> data tillg\u00e4ngliga \u00e4n n\u00e4r myndigheten s\u00e5g \u00f6ver denna fr\u00e5ga f\u00f6r n\u00e5gra \u00e5r sedan.<\/p>\n","protected":false},"excerpt":{"rendered":"Johanna RubinFoto: Lena Katarina Johansson\/Folkh\u00e4lsomyndigheten Ett f\u00f6rst\u00e4rkt influensavaccin skyddade varken b\u00e4ttre eller s\u00e4mre \u00e4n standardvaccin i en stor&hellip;\n","protected":false},"author":2,"featured_media":27140,"comment_status":"","ping_status":"","sticky":false,"template":"","format":"standard","meta":{"footnotes":""},"categories":[69],"tags":[113,112,3140,3141,34,31,33,32,30],"class_list":{"0":"post-27139","1":"post","2":"type-post","3":"status-publish","4":"format-standard","5":"has-post-thumbnail","7":"category-halsa","8":"tag-halsa","9":"tag-health","10":"tag-influensavaccin","11":"tag-sasongsinfluensa","12":"tag-se","13":"tag-svenska","14":"tag-sverige","15":"tag-sweden","16":"tag-swedish"},"share_on_mastodon":{"url":"","error":""},"_links":{"self":[{"href":"https:\/\/www.europesays.com\/se\/wp-json\/wp\/v2\/posts\/27139","targetHints":{"allow":["GET"]}}],"collection":[{"href":"https:\/\/www.europesays.com\/se\/wp-json\/wp\/v2\/posts"}],"about":[{"href":"https:\/\/www.europesays.com\/se\/wp-json\/wp\/v2\/types\/post"}],"author":[{"embeddable":true,"href":"https:\/\/www.europesays.com\/se\/wp-json\/wp\/v2\/users\/2"}],"replies":[{"embeddable":true,"href":"https:\/\/www.europesays.com\/se\/wp-json\/wp\/v2\/comments?post=27139"}],"version-history":[{"count":0,"href":"https:\/\/www.europesays.com\/se\/wp-json\/wp\/v2\/posts\/27139\/revisions"}],"wp:featuredmedia":[{"embeddable":true,"href":"https:\/\/www.europesays.com\/se\/wp-json\/wp\/v2\/media\/27140"}],"wp:attachment":[{"href":"https:\/\/www.europesays.com\/se\/wp-json\/wp\/v2\/media?parent=27139"}],"wp:term":[{"taxonomy":"category","embeddable":true,"href":"https:\/\/www.europesays.com\/se\/wp-json\/wp\/v2\/categories?post=27139"},{"taxonomy":"post_tag","embeddable":true,"href":"https:\/\/www.europesays.com\/se\/wp-json\/wp\/v2\/tags?post=27139"}],"curies":[{"name":"wp","href":"https:\/\/api.w.org\/{rel}","templated":true}]}}