{"id":271591,"date":"2026-06-10T11:04:18","date_gmt":"2026-06-10T11:04:18","guid":{"rendered":"https:\/\/www.europesays.com\/se\/271591\/"},"modified":"2026-06-10T11:04:18","modified_gmt":"2026-06-10T11:04:18","slug":"danjel-andersson-blir-konstnarlig-ledare-for-dansstationen-i-malmo","status":"publish","type":"post","link":"https:\/\/www.europesays.com\/se\/271591\/","title":{"rendered":"Danjel Andersson blir konstn\u00e4rlig ledare f\u00f6r Dansstationen i Malm\u00f6"},"content":{"rendered":"<p> <img alt=\"Danjel Andersson.\" class=\"_image_1t4co_86 layout-component layout-wide\" data-fullscreen- data-track-element-type=\"Article image fullscreen\" data-track-name=\"ImageFullscreen\" fetchpriority=\"high\" decoding=\"sync\" loading=\"eager\" height=\"647\" itemprop=\"image\"  src=\"https:\/\/www.europesays.com\/se\/wp-content\/uploads\/2026\/06\/29a1872b-e40a-358e-9522-664de0824fc0.jpeg\"  style=\"object-position:0% 0%\" width=\"960\"\/>Danjel Andersson.  Foto: Laerke PosseltVisa mer          <\/p>\n<p class=\"_textTheme_zldsx_1 _paragraph_1br5s_4 _paragraph_181bi_27 layout-component layout-normal layout-padded body-medium\">Efter sju \u00e5r som direkt\u00f6r p\u00e5 Dansehallerne i K\u00f6penhamn kommer Danjel Andersson att bli konstn\u00e4rlig ledare f\u00f6r Dansstationen i Malm\u00f6. Han eftertr\u00e4der Lars Eidevall, som grundade den fria g\u00e4stspelsscenen f\u00f6r samtida dans 1996 tillsammans med Chris Schenlaer. F\u00f6rst h\u00f6ll man till i dans- och teaterhuset Fakiren och fr\u00e5n 2004 i Palladium. <\/p>\n<p class=\"_textTheme_zldsx_1 _paragraph_1br5s_4 _paragraph_181bi_27 layout-component layout-normal layout-padded body-medium\">Danjel Andersson har tidigare \u00e4ven lett Moderna dansteatern (MDT) i Stockholm. \u201dJag vill vara med och lyfta samarbeten i hela \u00d6resundsregionen\u201d, s\u00e4ger han i ett pressmeddelande.<\/p>\n<p>   <a class=\"_link_19jmd_20\" data-track-id=\"teaser:wrdkAd\" data-track-impression=\"true\" data-track-name=\"Sommaren lockar med vass scenkonst\" data-track-element-size=\"small\" data-track-element-type=\"Teaser\" data-track-image-url=\"https:\/\/www.europesays.com\/se\/wp-content\/uploads\/2026\/06\/0b2d9551-8591-3fbf-839e-72009b4497df.jpeg\" data-track-layout-name=\"image:right\" data-track-position-source=\"related-article\" href=\"https:\/\/www.svd.se\/a\/wrdkAd\/svd-s-scenredaktor-guidar-till-sommarens-teater-och-opera-2026\" rel=\"nofollow noopener\" target=\"_blank\"><img decoding=\"async\" alt=\"\" class=\"_image_19jmd_78\" height=\"2330\" loading=\"lazy\"  src=\"https:\/\/www.europesays.com\/se\/wp-content\/uploads\/2026\/06\/0b2d9551-8591-3fbf-839e-72009b4497df.jpeg\"  width=\"2460\"\/><\/p>\n<p class=\"label-small _kicker_19jmd_89\">L\u00e4s \u00e4ven<\/p>\n<p>Sommaren lockar med vass scenkonst<\/a>     <\/p>\n","protected":false},"excerpt":{"rendered":"Danjel Andersson. Foto: Laerke PosseltVisa mer Efter sju \u00e5r som direkt\u00f6r p\u00e5 Dansehallerne i K\u00f6penhamn kommer Danjel Andersson&hellip;\n","protected":false},"author":2,"featured_media":271592,"comment_status":"","ping_status":"","sticky":false,"template":"","format":"standard","meta":{"footnotes":"","_share_on_mastodon":"0"},"categories":[67],"tags":[904,104,417,34,21491,31,33,32,30,105],"class_list":["post-271591","post","type-post","status-publish","format-standard","has-post-thumbnail","category-underhallning","tag-dans","tag-entertainment","tag-malmo","tag-se","tag-svd-berattande-kultur","tag-svenska","tag-sverige","tag-sweden","tag-swedish","tag-underhallning"],"share_on_mastodon":{"url":"https:\/\/pubeurope.com\/@se\/116725485999117143","error":""},"_links":{"self":[{"href":"https:\/\/www.europesays.com\/se\/wp-json\/wp\/v2\/posts\/271591","targetHints":{"allow":["GET"]}}],"collection":[{"href":"https:\/\/www.europesays.com\/se\/wp-json\/wp\/v2\/posts"}],"about":[{"href":"https:\/\/www.europesays.com\/se\/wp-json\/wp\/v2\/types\/post"}],"author":[{"embeddable":true,"href":"https:\/\/www.europesays.com\/se\/wp-json\/wp\/v2\/users\/2"}],"replies":[{"embeddable":true,"href":"https:\/\/www.europesays.com\/se\/wp-json\/wp\/v2\/comments?post=271591"}],"version-history":[{"count":0,"href":"https:\/\/www.europesays.com\/se\/wp-json\/wp\/v2\/posts\/271591\/revisions"}],"wp:featuredmedia":[{"embeddable":true,"href":"https:\/\/www.europesays.com\/se\/wp-json\/wp\/v2\/media\/271592"}],"wp:attachment":[{"href":"https:\/\/www.europesays.com\/se\/wp-json\/wp\/v2\/media?parent=271591"}],"wp:term":[{"taxonomy":"category","embeddable":true,"href":"https:\/\/www.europesays.com\/se\/wp-json\/wp\/v2\/categories?post=271591"},{"taxonomy":"post_tag","embeddable":true,"href":"https:\/\/www.europesays.com\/se\/wp-json\/wp\/v2\/tags?post=271591"}],"curies":[{"name":"wp","href":"https:\/\/api.w.org\/{rel}","templated":true}]}}