{"id":27172,"date":"2025-09-11T07:28:08","date_gmt":"2025-09-11T07:28:08","guid":{"rendered":"https:\/\/www.europesays.com\/se\/27172\/"},"modified":"2025-09-11T07:28:08","modified_gmt":"2025-09-11T07:28:08","slug":"p4-jonkopings-miss-blev-p4-konkoping","status":"publish","type":"post","link":"https:\/\/www.europesays.com\/se\/27172\/","title":{"rendered":"P4 J\u00f6nk\u00f6pings miss \u2013 blev P4 K\u00f6nk\u00f6ping"},"content":{"rendered":"<p>Publicerad 11 sep 2025 kl 08.33<\/p>\n<p>P4 K\u00f6nk\u00f6ping.<\/p>\n<p>Sveriges Radio skickade ut en pushnotis med ov\u00e4ntad avs\u00e4ndare p\u00e5 torsdagsmorgonen.\u00a0<\/p>\n<p>\u2013 Vi reagerade precis som alla andra: \u201d\u00c5nej\u201d, s\u00e4ger Therese Edin, tillf\u00f6rordnad ansvarig utgivare.<\/p>\n<p><img   alt=\"\"\/> <\/p>\n<p>Foto: SARA DAMNE \/ BILDBYR\u00c5N<\/p>\n<p>\u00d6ppna bild i helsk\u00e4rm<img loading=\"lazy\"   alt=\"\"\/>\u00d6ppna bild i helsk\u00e4rm<\/p>\n<p>Klockan 07.02 p\u00e5 torsdagen kom en pushnotis fr\u00e5n P4 J\u00f6nk\u00f6ping om de starka reaktionerna som en avbildad sp\u00e5rvagn p\u00e5 ett portugisiskt kakpaket v\u00e4ckt.<\/p>\n<p>Men det kan ha varit avs\u00e4ndaren snarare \u00e4n nyheten som fick lyssnarna att s\u00e4tta kaffet i halsen.\u00a0<\/p>\n<p>P4 J\u00f6nk\u00f6ping hade blivit P4 K\u00f6nk\u00f6ping.\u00a0<\/p>\n<p>P4:s stationer skriver in avs\u00e4ndaren f\u00f6r hand n\u00e4r de skickar pushar, s\u00e4ger Therese Edin, dagredakt\u00f6r och tillf\u00f6rordnad ansvarig utgivare P4 J\u00f6nk\u00f6ping.\u00a0<\/p>\n<p>\u2013 Vi har ju rutiner. Vi dubbell\u00e4ser alltid, men det har blivit fel.<\/p>\n<p>I det h\u00e4r fallet r\u00f6r det sig om ett slarvfel, enligt henne.<\/p>\n<p>\u2013 Det \u00e4r olyckligt att J och K sitter s\u00e5 n\u00e4ra varandra p\u00e5 tangentbordet.<\/p>\n","protected":false},"excerpt":{"rendered":"Publicerad 11 sep 2025 kl 08.33 P4 K\u00f6nk\u00f6ping. Sveriges Radio skickade ut en pushnotis med ov\u00e4ntad avs\u00e4ndare p\u00e5&hellip;\n","protected":false},"author":2,"featured_media":27173,"comment_status":"","ping_status":"","sticky":false,"template":"","format":"standard","meta":{"footnotes":""},"categories":[68],"tags":[1095,34,154,111,110,31,33,32,30],"class_list":{"0":"post-27172","1":"post","2":"type-post","3":"status-publish","4":"format-standard","5":"has-post-thumbnail","7":"category-sport","8":"tag-organization-sveriges-radio","9":"tag-se","10":"tag-sections-sverige","11":"tag-sport","12":"tag-sports","13":"tag-svenska","14":"tag-sverige","15":"tag-sweden","16":"tag-swedish"},"share_on_mastodon":{"url":"","error":""},"_links":{"self":[{"href":"https:\/\/www.europesays.com\/se\/wp-json\/wp\/v2\/posts\/27172","targetHints":{"allow":["GET"]}}],"collection":[{"href":"https:\/\/www.europesays.com\/se\/wp-json\/wp\/v2\/posts"}],"about":[{"href":"https:\/\/www.europesays.com\/se\/wp-json\/wp\/v2\/types\/post"}],"author":[{"embeddable":true,"href":"https:\/\/www.europesays.com\/se\/wp-json\/wp\/v2\/users\/2"}],"replies":[{"embeddable":true,"href":"https:\/\/www.europesays.com\/se\/wp-json\/wp\/v2\/comments?post=27172"}],"version-history":[{"count":0,"href":"https:\/\/www.europesays.com\/se\/wp-json\/wp\/v2\/posts\/27172\/revisions"}],"wp:featuredmedia":[{"embeddable":true,"href":"https:\/\/www.europesays.com\/se\/wp-json\/wp\/v2\/media\/27173"}],"wp:attachment":[{"href":"https:\/\/www.europesays.com\/se\/wp-json\/wp\/v2\/media?parent=27172"}],"wp:term":[{"taxonomy":"category","embeddable":true,"href":"https:\/\/www.europesays.com\/se\/wp-json\/wp\/v2\/categories?post=27172"},{"taxonomy":"post_tag","embeddable":true,"href":"https:\/\/www.europesays.com\/se\/wp-json\/wp\/v2\/tags?post=27172"}],"curies":[{"name":"wp","href":"https:\/\/api.w.org\/{rel}","templated":true}]}}