{"id":271922,"date":"2026-06-10T17:29:13","date_gmt":"2026-06-10T17:29:13","guid":{"rendered":"https:\/\/www.europesays.com\/se\/271922\/"},"modified":"2026-06-10T17:29:13","modified_gmt":"2026-06-10T17:29:13","slug":"dar-frodas-bakterierna-i-matladan","status":"publish","type":"post","link":"https:\/\/www.europesays.com\/se\/271922\/","title":{"rendered":"D\u00e4r frodas bakterierna i matl\u00e5dan"},"content":{"rendered":"<p>Publicerad 10 jun 2026 kl 16.40<\/p>\n<p>Se upp n\u00e4r du g\u00f6r rent dina matl\u00e5dor. I en speciell, kanske bortgl\u00f6md, del kan n\u00e4mligen miljarder bakterier frodas.\u00a0<\/p>\n<p>\u2013 Det \u00e4r ju v\u00e4ldigt, v\u00e4ldigt mycket, s\u00e4ger mikrobiologen Stina-Mina Ehn B\u00f6rjesson till <a href=\"https:\/\/www.sverigesradio.se\/artikel\/snuskfyndet-miljarder-bakterier-i-glasmatlador\" rel=\"nofollow noopener\" target=\"_blank\">P4 Kristianstad. <\/a>\u00a0<\/p>\n<p><img   alt=\"\"\/><\/p>\n<p>Miljarder bakterier kan frodas.<\/p>\n<p>Foto: FANNI OLIN DAHL \/ TT NYHETSBYR\u00c5N<\/p>\n<p>\u00d6ppna bild i helsk\u00e4rm<\/p>\n<p>Matl\u00e5dan kan se helt ren ut. Men i gummilisten kan bakterier l\u00f6mskt frodas, visar tester vid H\u00f6gskolan <a href=\"https:\/\/www.expressen.se\/tagg\/location\/kristianstad\/\" class=\"\" rel=\"nofollow noopener\" target=\"_blank\">Kristianstad<\/a>.\u00a0<\/p>\n<p>\u2013 P\u00e5 en del hittade jag n\u00e4stan ingenting, men p\u00e5 n\u00e5gon var det miljarder bakterier, s\u00e4ger Stina-Mina Ehn B\u00f6rjesson.<\/p>\n<p>Hon \u00e4r universitetslektor i mikrobiolog vid H\u00f6gskolan Kristianstad och har tagit tester p\u00e5 flera matlocks gummilister.\u00a0<\/p>\n<p>Matf\u00f6rgiftningsbakterie<\/p>\n<p>Testerna har framf\u00f6r allt visat p\u00e5 olika ofarliga milj\u00f6bakterier. De f\u00f6rsvinner om du reng\u00f6r i h\u00f6g temperatur. \u00a0<\/p>\n<p>Men Stina-Mina Ehn B\u00f6rjesson har ocks\u00e5 hittat bacillus cereus, en matf\u00f6rgiftningsbakterie. Och p\u00e5 just den biter inte h\u00f6ga temperaturer, f\u00f6rklarar hon.<\/p>\n<p>\u2013 D\u00e5 blir det v\u00e4ldigt viktigt hur man f\u00f6rvarar maten, f\u00f6r bacillus cereus \u00e4r inte farlig om den inte v\u00e4xer till. Om du bara s\u00e4tter in din matl\u00e5da i kylen \u00e4r det inga problem, s\u00e4ger hon.<\/p>\n<p>F\u00f6rutom noga reng\u00f6ring finns det ett ytterligare ett knep f\u00f6r att h\u00e5lla bakterierna borta. Att l\u00e5ta matl\u00e5dorna torka innan du s\u00e4tter p\u00e5 locket.\u00a0<\/p>\n","protected":false},"excerpt":{"rendered":"Publicerad 10 jun 2026 kl 16.40 Se upp n\u00e4r du g\u00f6r rent dina matl\u00e5dor. I en speciell, kanske&hellip;\n","protected":false},"author":2,"featured_media":271923,"comment_status":"","ping_status":"","sticky":false,"template":"","format":"standard","meta":{"footnotes":"","_share_on_mastodon":"0"},"categories":[12],"tags":[22,23,26,27,17,21,24,25,2038,28,29,15,16,18,34,154,31,33,32,30,19,145,20],"class_list":["post-271922","post","type-post","status-publish","format-standard","has-post-thumbnail","category-sverige","tag-breaking-news","tag-breakingnews","tag-featured-news","tag-featurednews","tag-headlines","tag-huvudnyheter","tag-latest-news","tag-latestnews","tag-location-kristianstad","tag-main-news","tag-mainnews","tag-news","tag-nyheter","tag-rubriker","tag-se","tag-sections-sverige","tag-svenska","tag-sverige","tag-sweden","tag-swedish","tag-top-stories","tag-topic-mat-dryck","tag-topstories"],"share_on_mastodon":{"url":"https:\/\/pubeurope.com\/@se\/116726999465157235","error":""},"_links":{"self":[{"href":"https:\/\/www.europesays.com\/se\/wp-json\/wp\/v2\/posts\/271922","targetHints":{"allow":["GET"]}}],"collection":[{"href":"https:\/\/www.europesays.com\/se\/wp-json\/wp\/v2\/posts"}],"about":[{"href":"https:\/\/www.europesays.com\/se\/wp-json\/wp\/v2\/types\/post"}],"author":[{"embeddable":true,"href":"https:\/\/www.europesays.com\/se\/wp-json\/wp\/v2\/users\/2"}],"replies":[{"embeddable":true,"href":"https:\/\/www.europesays.com\/se\/wp-json\/wp\/v2\/comments?post=271922"}],"version-history":[{"count":0,"href":"https:\/\/www.europesays.com\/se\/wp-json\/wp\/v2\/posts\/271922\/revisions"}],"wp:featuredmedia":[{"embeddable":true,"href":"https:\/\/www.europesays.com\/se\/wp-json\/wp\/v2\/media\/271923"}],"wp:attachment":[{"href":"https:\/\/www.europesays.com\/se\/wp-json\/wp\/v2\/media?parent=271922"}],"wp:term":[{"taxonomy":"category","embeddable":true,"href":"https:\/\/www.europesays.com\/se\/wp-json\/wp\/v2\/categories?post=271922"},{"taxonomy":"post_tag","embeddable":true,"href":"https:\/\/www.europesays.com\/se\/wp-json\/wp\/v2\/tags?post=271922"}],"curies":[{"name":"wp","href":"https:\/\/api.w.org\/{rel}","templated":true}]}}