{"id":27216,"date":"2025-09-11T08:31:10","date_gmt":"2025-09-11T08:31:10","guid":{"rendered":"https:\/\/www.europesays.com\/se\/27216\/"},"modified":"2025-09-11T08:31:10","modified_gmt":"2025-09-11T08:31:10","slug":"vansterns-hat-goross-till-maltavlor","status":"publish","type":"post","link":"https:\/\/www.europesays.com\/se\/27216\/","title":{"rendered":"V\u00e4nsterns hat g\u00f6r\noss till m\u00e5ltavlor"},"content":{"rendered":"<p>Publicerad 11 sep 2025 kl 09.03Uppdaterad kl 09.09<\/p>\n<p>V\u00e4nstern b\u00e5de i Sverige och internationellt har under en l\u00e5ng tid haft en retorik som framst\u00e4ller konservativa som illegitima, farliga och odemokratiska.<\/p>\n<p>N\u00e4r konservativa systematiskt st\u00e4mplas som ett hot mot demokratin blir det enklare f\u00f6r extrema individer att r\u00e4ttf\u00e4rdiga hot, trakasserier och v\u00e5ld, skriver f\u00f6retr\u00e4dare f\u00f6r Konservativa f\u00f6rbundet.\u00a0<\/p>\n<p><img   alt=\"\"\/><\/p>\n<p>Charlie Kirk.<\/p>\n<p>Foto: GAGE SKIDMORE \/ STELLA PICTURES\/ZUMA PRESS ZUMA PRESS<\/p>\n<p>\u00d6ppna bild i helsk\u00e4rm<img loading=\"lazy\"   alt=\"\"\/><\/p>\n<p>Charlie Kirk p\u00e5 scen innan mordet.<\/p>\n<p>Foto: X<\/p>\n<p>\u00d6ppna bild i helsk\u00e4rm<img loading=\"lazy\"   alt=\"\"\/><\/p>\n<p>Alexander Cenusa, ordf\u00f6rande, Konservativa F\u00f6rbundet.<\/p>\n<p>Foto: Pressbild<\/p>\n<p>\u00d6ppna bild i helsk\u00e4rm<img loading=\"lazy\"   alt=\"\"\/><\/p>\n<p>Hugo Hobring, ordf\u00f6rande, Konservativa F\u00f6rbundet Stockholm.<\/p>\n<p>Foto: Pressbild<\/p>\n<p>\u00d6ppna bild i helsk\u00e4rm<img loading=\"lazy\"   alt=\"\"\/><\/p>\n<p>Tyra Wenneville, ledamot, Konservativa F\u00f6rbundet Stockholm.<\/p>\n<p>Foto: Pressbild<\/p>\n<p>\u00d6ppna bild i helsk\u00e4rm<img loading=\"lazy\"   alt=\"\"\/><\/p>\n<p>Oskar Sik, ledamot, Konservativa F\u00f6rbundet Stockholm.<\/p>\n<p>Foto: Pressbild<\/p>\n<p>\u00d6ppna bild i helsk\u00e4rm<\/p>\n<p>Detta \u00e4r en debattartikel. Det \u00e4r skribenten som st\u00e5r f\u00f6r \u00e5sikterna i texten.&#13;<br \/>\n&#13;\n<\/p>\n<p><strong>DEBATT.<\/strong> Under onsdagseftermiddagen skakades v\u00e4rlden av nyheten att den konservative profilen <a href=\"https:\/\/www.expressen.se\/tagg\/person\/charlie-kirk\/\" class=\"\" rel=\"nofollow noopener\" target=\"_blank\">Charlie Kirk<\/a> har skjutits till d\u00f6ds under ett evenemang p\u00e5 ett universitet i Utah.<\/p>\n<p>Detta \u00e4r ett attentat som m\u00e5ste betraktas som terrorism, ett direkt angrepp p\u00e5 demokratin, konservatismen, yttrandefriheten och det \u00f6ppna samh\u00e4llet.<\/p>\n<p>Det h\u00e4r \u00e4r mer \u00e4n en enskild tragedi. Vi st\u00e5r p\u00e5 en farlig plats historiskt n\u00e4r det h\u00e4r \u00e4r en del av ett m\u00f6nster. Ett m\u00f6nster som vi ser internationellt s\u00e5v\u00e4l som i Sverige d\u00e4r konservativa r\u00f6ster misst\u00e4nkligg\u00f6rs, tystas och avhumaniseras. N\u00e4r m\u00e4nniskor reduceras till \u00e5sikter och g\u00f6rs till fiender i st\u00e4llet f\u00f6r medm\u00e4nniskor blir avst\u00e5ndet mellan ord och v\u00e5ld skr\u00e4mmande kort.\u00a0<\/p>\n<p>Vi lever i ett polariserat samh\u00e4lle. Filterbubblor, radikaliserade fl\u00f6den och sociala medier \u00e4r bidragande faktorer. Hat har normaliserats. Den som t\u00e4nker \u201dfel\u201d st\u00e4mplas som farlig, extrem, ibland till och med odemokratisk.<\/p>\n<blockquote><p>Om vi inte agerar nu riskerar vi att n\u00e4sta skottlossning sker p\u00e5 svensk mark.<\/p><\/blockquote>\n<p>Under sin valkampanj i juli 2024 blev den nuvarande amerikanske presidenten Donald Trump (R) skjuten. Nu i dagarna f\u00f6rf\u00f6ljdes Sveriges minister f\u00f6r civilt f\u00f6rsvar Carl-Oskar Bohlin (M) genom Gamla stan av pro-palestinska aktivister. N\u00e4r folkvalda jagas p\u00e5 gator och opinionsbildare skjuts p\u00e5 \u00f6ppna scener \u00e4r demokratins grundl\u00e4ggande r\u00e4ttigheter i brinnande fara.\u00a0<\/p>\n<p>V\u00e4nstern b\u00e5de i Sverige och internationellt har under en l\u00e5ng tid haft en retorik som framst\u00e4ller konservativa som illegitima, farliga och odemokratiska. I medier, p\u00e5 universitet och i politiken anv\u00e4nds ett spr\u00e5k som g\u00f6r oss till m\u00e5ltavlor.\u00a0<\/p>\n<p>N\u00e4r konservativa systematiskt st\u00e4mplas som ett hot mot demokratin blir det enklare f\u00f6r extrema individer att r\u00e4ttf\u00e4rdiga hot, trakasserier och v\u00e5ld.<\/p>\n<p>M\u00e5ste st\u00e5 upp f\u00f6r yttrandefriheten<\/p>\n<p>Detta handlar inte om h\u00f6ger eller v\u00e4nster, det handlar om att st\u00e5 upp f\u00f6r det okr\u00e4nkbara m\u00e4nniskov\u00e4rdet. Att attackera eller d\u00f6da n\u00e5gon tillf\u00f6ljd av deras \u00e5sikter \u00e4r oacceptabelt.\u00a0<\/p>\n<p>Vi m\u00e5ste st\u00e5 upp f\u00f6r yttrandefriheten, \u00e4ven n\u00e4r vi inte h\u00e5ller med varandra och f\u00f6rsvara principen om att ord ska m\u00f6ta ord, aldrig kulor.<\/p>\n<p>Konservativa F\u00f6rbundet kr\u00e4ver nu att statsminister Ulf Kristersson och regeringen st\u00e4rker s\u00e4kerheten f\u00f6r v\u00e5ra folkvalda. Om vi inte agerar nu riskerar vi att n\u00e4sta skottlossning sker p\u00e5 svensk mark.<\/p>\n<p><strong>Av Alexander Cenusa<\/strong><\/p>\n<p>ordf\u00f6rande, Konservativa F\u00f6rbundet<\/p>\n<p><strong>Hugo Hobring<\/strong><\/p>\n<p>ordf\u00f6rande, Konservativa F\u00f6rbundet Stockholm<\/p>\n<p><strong>Tyra Wenneville<\/strong><\/p>\n<p>ledamot, Konservativa F\u00f6rbundet Stockholm<\/p>\n<p><strong>Oskar Sik<\/strong><\/p>\n<p>ledamot, Konservativa F\u00f6rbundet Stockholm<\/p>\n","protected":false},"excerpt":{"rendered":"Publicerad 11 sep 2025 kl 09.03Uppdaterad kl 09.09 V\u00e4nstern b\u00e5de i Sverige och internationellt har under en l\u00e5ng&hellip;\n","protected":false},"author":2,"featured_media":27217,"comment_status":"","ping_status":"","sticky":false,"template":"","format":"standard","meta":{"footnotes":""},"categories":[12],"tags":[22,23,26,27,17,21,24,25,28,29,15,16,3131,18,34,31,33,32,30,19,204,20],"class_list":{"0":"post-27216","1":"post","2":"type-post","3":"status-publish","4":"format-standard","5":"has-post-thumbnail","7":"category-sverige","8":"tag-breaking-news","9":"tag-breakingnews","10":"tag-featured-news","11":"tag-featurednews","12":"tag-headlines","13":"tag-huvudnyheter","14":"tag-latest-news","15":"tag-latestnews","16":"tag-main-news","17":"tag-mainnews","18":"tag-news","19":"tag-nyheter","20":"tag-person-charlie-kirk","21":"tag-rubriker","22":"tag-se","23":"tag-svenska","24":"tag-sverige","25":"tag-sweden","26":"tag-swedish","27":"tag-top-stories","28":"tag-topic-amerikansk-politik","29":"tag-topstories"},"share_on_mastodon":{"url":"","error":""},"_links":{"self":[{"href":"https:\/\/www.europesays.com\/se\/wp-json\/wp\/v2\/posts\/27216","targetHints":{"allow":["GET"]}}],"collection":[{"href":"https:\/\/www.europesays.com\/se\/wp-json\/wp\/v2\/posts"}],"about":[{"href":"https:\/\/www.europesays.com\/se\/wp-json\/wp\/v2\/types\/post"}],"author":[{"embeddable":true,"href":"https:\/\/www.europesays.com\/se\/wp-json\/wp\/v2\/users\/2"}],"replies":[{"embeddable":true,"href":"https:\/\/www.europesays.com\/se\/wp-json\/wp\/v2\/comments?post=27216"}],"version-history":[{"count":0,"href":"https:\/\/www.europesays.com\/se\/wp-json\/wp\/v2\/posts\/27216\/revisions"}],"wp:featuredmedia":[{"embeddable":true,"href":"https:\/\/www.europesays.com\/se\/wp-json\/wp\/v2\/media\/27217"}],"wp:attachment":[{"href":"https:\/\/www.europesays.com\/se\/wp-json\/wp\/v2\/media?parent=27216"}],"wp:term":[{"taxonomy":"category","embeddable":true,"href":"https:\/\/www.europesays.com\/se\/wp-json\/wp\/v2\/categories?post=27216"},{"taxonomy":"post_tag","embeddable":true,"href":"https:\/\/www.europesays.com\/se\/wp-json\/wp\/v2\/tags?post=27216"}],"curies":[{"name":"wp","href":"https:\/\/api.w.org\/{rel}","templated":true}]}}