{"id":27224,"date":"2025-09-11T08:41:11","date_gmt":"2025-09-11T08:41:11","guid":{"rendered":"https:\/\/www.europesays.com\/se\/27224\/"},"modified":"2025-09-11T08:41:11","modified_gmt":"2025-09-11T08:41:11","slug":"forbundskaptenen-fernando-batista-far-sparken-av-venezuela","status":"publish","type":"post","link":"https:\/\/www.europesays.com\/se\/27224\/","title":{"rendered":"F\u00f6rbundskaptenen Fernando Batista f\u00e5r sparken av Venezuela"},"content":{"rendered":"<p>Publicerad 11 sep 2025 kl 09.44Uppdaterad kl 10.39<\/p>\n<p>Fiasko i VM-kvalet.<\/p>\n<p>Nu sparkas Venezuelas f\u00f6rbundskapten Fernando Batista och hela hans stab.<\/p>\n<p>\u201dM\u00e5let som sattes fr\u00e5n b\u00f6rjan var att ta Venezuela till VM f\u00f6r f\u00f6rsta g\u00e5ngen, och misslyckandet med att uppn\u00e5 detta har tvingat oss att avg\u00e5\u201d, skriver Batista p\u00e5 X.<\/p>\n<p><img   alt=\"\"\/><\/p>\n<p>Fernando Batista.<\/p>\n<p>Foto: ARIANA CUBILLOS \/ AP TT NYHETSBYR\u00c5N<\/p>\n<p>\u00d6ppna bild i helsk\u00e4rm<\/p>\n<p>Kraven var h\u00f6ga p\u00e5 f\u00f6rbundskaptenen Fernando Batista: Ta Venezuela till VM f\u00f6r f\u00f6rsta g\u00e5ngen.\u00a0<\/p>\n<p>Inf\u00f6r den avslutande kvalmatchen mot redan VM-klara Colombia levde hoppet.\u00a0<\/p>\n<p>Efter ledning med b\u00e5de 1\u20130 och 2\u20131 s\u00e5g det ljust ut. Men sedan klev Luis Suarez in i matchenbilden och svarade f\u00f6r fyra raka m\u00e5l. Till slut blev det en 3\u20136-f\u00f6rlust \u2013 och d\u00e5 stod det klart att Venezuela \u00e5ter misslyckats med att kvala in till fotbolls-VM. Bolivia klev om i tabellen i sista stund, efter en 1\u20130-seger mot Brasilien.<\/p>\n<p>Fotbollsf\u00f6rbundet agerade snabbt. Mindre \u00e4n 24 timmar efter att matchen bl\u00e5stes av sparkas f\u00f6rbundskaptenen.<\/p>\n<p>\u201dVenezuelas fotbollsf\u00f6rbund (FVF) informerar allm\u00e4nheten om att Fernando &#8217;Bocha&#8217; Batista, efter avslutat VM-kval, har avskedats fr\u00e5n sin roll som f\u00f6rbundskapten f\u00f6r landslaget, tillsammans med hela sin tr\u00e4narstab\u201d, inleds organisationens uttalande.<\/p>\n<p><a href=\"https:\/\/x.com\/FVF_Oficial\/status\/1965928899449336186\" data-provider=\"twitter\" class=\"js-social-embed\" rel=\"nofollow\">https:\/\/x.com\/FVF_Oficial\/status\/1965928899449336186<\/a><\/p>\n<p>F\u00f6rbundet betonar att det \u00e4r det missade VM-m\u00e5let som ligger till grund f\u00f6r beslutet.<\/p>\n<p>P\u00e5 X skriver Batista sj\u00e4lv om avskedet, n\u00e5got han beskriver som en \u201d\u00f6msesidig \u00f6verenskommelse\u201d.<\/p>\n<p>\u201dM\u00e5let som sattes fr\u00e5n b\u00f6rjan var att ta Venezuela till VM f\u00f6r f\u00f6rsta g\u00e5ngen, och misslyckandet med att uppn\u00e5 detta har tvingat oss att avg\u00e5. Jag g\u00f6r det med \u00f6vertygelsen om att detta beslut \u00e4r det b\u00e4sta alternativet f\u00f6r landslaget\u201d, skriver han.<\/p>\n<p><a href=\"https:\/\/x.com\/bochabatista\/status\/1965943435531100626\" data-provider=\"twitter\" class=\"js-social-embed\" rel=\"nofollow\">https:\/\/x.com\/bochabatista\/status\/1965943435531100626<\/a><\/p>\n","protected":false},"excerpt":{"rendered":"Publicerad 11 sep 2025 kl 09.44Uppdaterad kl 10.39 Fiasko i VM-kvalet. Nu sparkas Venezuelas f\u00f6rbundskapten Fernando Batista och&hellip;\n","protected":false},"author":2,"featured_media":27225,"comment_status":"","ping_status":"","sticky":false,"template":"","format":"standard","meta":{"footnotes":""},"categories":[5],"tags":[22,23,26,27,17,21,24,25,28,29,15,16,18,34,129,31,33,32,30,19,20],"class_list":{"0":"post-27224","1":"post","2":"type-post","3":"status-publish","4":"format-standard","5":"has-post-thumbnail","7":"category-rubriker","8":"tag-breaking-news","9":"tag-breakingnews","10":"tag-featured-news","11":"tag-featurednews","12":"tag-headlines","13":"tag-huvudnyheter","14":"tag-latest-news","15":"tag-latestnews","16":"tag-main-news","17":"tag-mainnews","18":"tag-news","19":"tag-nyheter","20":"tag-rubriker","21":"tag-se","22":"tag-sections-fotboll","23":"tag-svenska","24":"tag-sverige","25":"tag-sweden","26":"tag-swedish","27":"tag-top-stories","28":"tag-topstories"},"share_on_mastodon":{"url":"","error":""},"_links":{"self":[{"href":"https:\/\/www.europesays.com\/se\/wp-json\/wp\/v2\/posts\/27224","targetHints":{"allow":["GET"]}}],"collection":[{"href":"https:\/\/www.europesays.com\/se\/wp-json\/wp\/v2\/posts"}],"about":[{"href":"https:\/\/www.europesays.com\/se\/wp-json\/wp\/v2\/types\/post"}],"author":[{"embeddable":true,"href":"https:\/\/www.europesays.com\/se\/wp-json\/wp\/v2\/users\/2"}],"replies":[{"embeddable":true,"href":"https:\/\/www.europesays.com\/se\/wp-json\/wp\/v2\/comments?post=27224"}],"version-history":[{"count":0,"href":"https:\/\/www.europesays.com\/se\/wp-json\/wp\/v2\/posts\/27224\/revisions"}],"wp:featuredmedia":[{"embeddable":true,"href":"https:\/\/www.europesays.com\/se\/wp-json\/wp\/v2\/media\/27225"}],"wp:attachment":[{"href":"https:\/\/www.europesays.com\/se\/wp-json\/wp\/v2\/media?parent=27224"}],"wp:term":[{"taxonomy":"category","embeddable":true,"href":"https:\/\/www.europesays.com\/se\/wp-json\/wp\/v2\/categories?post=27224"},{"taxonomy":"post_tag","embeddable":true,"href":"https:\/\/www.europesays.com\/se\/wp-json\/wp\/v2\/tags?post=27224"}],"curies":[{"name":"wp","href":"https:\/\/api.w.org\/{rel}","templated":true}]}}