{"id":27245,"date":"2025-09-11T09:08:09","date_gmt":"2025-09-11T09:08:09","guid":{"rendered":"https:\/\/www.europesays.com\/se\/27245\/"},"modified":"2025-09-11T09:08:09","modified_gmt":"2025-09-11T09:08:09","slug":"odmjukt-aik-efter-alexander-isaks-rekordovergang-valdigt-manga-som-bidragit","status":"publish","type":"post","link":"https:\/\/www.europesays.com\/se\/27245\/","title":{"rendered":"\u00d6dmjukt AIK \u2013 efter Alexander Isaks rekord\u00f6verg\u00e5ng : &#8221;V\u00e4ldigt m\u00e5nga som bidragit&#8221;"},"content":{"rendered":"<p><strong>Premier Leagues dyraste och v\u00e4rldens fj\u00e4rde dyraste fotbollsspelare heter <a href=\"https:\/\/fotbolldirekt.se\/spelare\/alexander-isak\/\" rel=\"nofollow noopener\" target=\"_blank\">Alexander Isak <\/a>och fostrades f\u00f6r <a href=\"https:\/\/fotbolldirekt.se\/klubb\/aik-fotboll\/\" rel=\"nofollow noopener\" target=\"_blank\">AIK.<\/a><br \/>Trots denna framg\u00e5ngssaga sl\u00e5r sig inte Gnaget f\u00f6r br\u00f6stet \u2013 man \u00e4r snarare v\u00e4ldigt \u00f6dmjuka. <br \/>\u2013 F\u00f6rst och fr\u00e4mst s\u00e5 m\u00e5ste man vara v\u00e4ldigt \u00f6dmjuk i f\u00f6rh\u00e5llande till det, s\u00e4ger AIK:s tekniske chef Peter Wennberg till FotbollDirekt. <\/strong><\/p>\n<p>En intensiv sillysommar har n\u00e5tt sitt slut och i centrum har tv\u00e5 svenskar st\u00e5tt.<br \/>Till en b\u00f6rjan handlade allting om Viktor Gy\u00f6keres och Arsenal, men ju n\u00e4rmare deadline day vi kom blev det mer och mer skriverier kring <strong>Alexander Isak<\/strong>.<\/p>\n<p>Svensken som gjort succ\u00e9 i Newcastle blev p\u00e5 deadline day klar f\u00f6r regerande m\u00e4starna <a href=\"https:\/\/fotbolldirekt.se\/klubb\/liverpool\/\" rel=\"nofollow noopener\" target=\"_blank\">Liverpool<\/a> i en aff\u00e4r v\u00e4rd 125 miljoner pund, det vill s\u00e4ga 1,6 miljarder svenska kronor.<br \/>Aff\u00e4ren g\u00f6ra Isak till den dyraste Premier League-aff\u00e4ren n\u00e5gonsin, samt den fj\u00e4rde dyraste \u00f6verg\u00e5ngen n\u00e5gonsin. Han \u00e4r \u00e4ven den \u00f6verl\u00e4gset dyraste svensken n\u00e5gonsin.<\/p>\n<p>F\u00f6r bara tio \u00e5r sedan gjorde en d\u00e5 16-\u00e5rig Isak succ\u00e9 i allsvenskan med AIK och fr\u00e5gan \u00e4r om folk i AIK och runt Isak hade r\u00e4knat med detta d\u00e5?<br \/>FotbollDirekt st\u00e4llde denna fr\u00e5ga till Peter Wennberg, nu teknisk chef i AIK, men som under Isaks tid i klubben var chefstr\u00e4nare f\u00f6r 16-19 samt assisterande tr\u00e4nare f\u00f6r A-laget och svaret \u00e4r tydligt. <\/p>\n<p>\u2013 <strong>Nej, det skulle ju k\u00e4nnas j\u00e4ttekonstigt att svara ja p\u00e5 en s\u00e5dan fr\u00e5ga naturligtvis<\/strong>, s\u00e4ger Wennberg och f\u00f6rklarar vidare: <br \/>\u2013 Det \u00e4r klart att man hoppas och dr\u00f6mmer. Sen mindsetet, som bidragit till att han \u00e4r d\u00e4r han \u00e4r, att n\u00e4r man har fotbollsspelare i en akademi s\u00e5 m\u00e5ste man faktiskt som ledare ta emot dr\u00f6mmar som \u00e4r v\u00e4ldigt, v\u00e4ldigt h\u00f6gt och bortom d\u00e4r man \u00e4r. S\u00e5 utifr\u00e5n det perspektivet, d\u00e5 trodde vi nog det, men sen n\u00e4r man l\u00e4gger ihop lite rimlighet och s\u00e5d\u00e4r s\u00e5 \u00e4r det en alldeles enast\u00e5ende resa som han har gjort och jag hoppas att inte alla f\u00f6r\u00e4ldrar och fotbollsledare tror detta \u00e4r standard, f\u00f6r det kommer det inte att vara. Jag tror inte att Sverige, som enskilt land, kommer att sl\u00e5 transferrekordet i Premier League per tionde minut, det tror jag inte.<\/p>\n<p>Genom alla turer kring Isak i sommar har det fr\u00e4mst spekulerats kring transfersummor och huruvida en \u00f6verg\u00e5ng kommer att bli av eller inte. S\u00e5 blir det l\u00e4tt i den h\u00e4r branschen, det m\u00e4nskliga gl\u00f6ms bort p\u00e5 s\u00e4tt och vis.<br \/>Det har det dock inte gjort f\u00f6r Wennberg, utan det \u00e4r d\u00e4r hans fokus ligger kring det hela. <\/p>\n<p>\u2013 Man funderar mycket p\u00e5 hur Alexander m\u00e5r, k\u00e4nner och tycker. Man bryr sig om honom, man vet om att det \u00e4r en kille fr\u00e5n Bagartorp som \u00e4r bakom det h\u00e4r. Man t\u00e4nker p\u00e5 hans pappa, hans syskon, alla som varit med runt omkring, det blir en s\u00e5dan m\u00e4nsklig tanke. I v\u00e5ra \u00f6gon \u00e4r han ju v\u00e4ldigt m\u00e4nsklig och det tror jag alla refererar till, det \u00e4r en kille som vi har k\u00e4nt sen han var liten, som g\u00e5tt igenom alla led. S\u00e5 det \u00e4r klart att vi t\u00e4nker p\u00e5 hur han m\u00e5r och t\u00e4nker runt den h\u00e4r. Vi hoppas han f\u00e5r hj\u00e4lp, r\u00e5dgivning och att n\u00e5gon tar hand om honom nu n\u00e4r han ska byta klubb. Det \u00e4r inte s\u00e5 enkelt att snubbla in p\u00e5 Liverpools tr\u00e4ningsanl\u00e4ggning n\u00e4r allt blir klart och mitt under brinnande uppstart av s\u00e4songen. S\u00e5 jag hoppas att han njuter av l\u00e4get och snabbt acklimatiserar sig s\u00e5 han f\u00e5r fokusera p\u00e5 det b\u00e4sta han kan g\u00f6ra, vilket \u00e4r att spela fotboll.<\/p>\n<p>\u201dDet \u00e4r ingen standard att fostra v\u00e4rldsklasspelare\u201d<\/p>\n<p><strong>Om vi kollar utifr\u00e5n AIK:s perspektiv, vad betyder f\u00f6r klubbens akademis anseende? Vad ser ni f\u00f6r ringar p\u00e5 vattnet att en AIK-produkt tar dem h\u00e4r stegen och f\u00f6r dem h\u00e4r pengarna? <\/strong><br \/>\u2013 F\u00f6rst och fr\u00e4mst s\u00e5 m\u00e5ste man vara v\u00e4ldigt \u00f6dmjuk i f\u00f6rh\u00e5llande till det. Som sagt, det \u00e4r ingen standard att fostra v\u00e4rldsklasspelare utan det \u00e4r s\u00e5 otrolig mycket omst\u00e4ndigheter som ska st\u00e5 r\u00e4tt in h\u00e4r. S\u00e5 n\u00e4r man svara p\u00e5 en s\u00e5dan fr\u00e5ga m\u00e5ste man vara v\u00e4ldigt \u00f6dmjuk, annars tappar man anseendet. <br \/>\u2013 Det finns v\u00e4ldigt m\u00e5nga som har bidragit till den h\u00e4r utvecklingen. Familjen, lagkamraterna, tr\u00e4narna i AIK, idrottsl\u00e4rare p\u00e5 skolan, mentorer som varit med p\u00e5 resan. Det \u00e4r s\u00e5 otroligt m\u00e5nga som varit med p\u00e5 resan, s\u00e5 att sl\u00e5 sig sj\u00e4lv p\u00e5 br\u00f6stet och s\u00e4ga: \u201dAllm\u00e4nna Idrottsklubben nu har vi v\u00e4rdsklassutbildning\u201d, d\u00e5 tappar vi trov\u00e4rdigheten. Vi tror inte att det \u00e4r en person eller en funktion, det \u00e4r inga magiska trolleritrick eller n\u00e5gon som tar p\u00e5 sig att det \u00e4r deras produkt eller gubbe, utan det kr\u00e4vs en hel by f\u00f6r att fostra en spelare. Det tror jag man m\u00e5ste f\u00f6rst\u00e5.<\/p>\n<p>Wennberg forts\u00e4tter med att f\u00f6rklara vad han dock anser att AIK kan stoltsera med: <\/p>\n<p>\u2013 D\u00e4remot det vi kan stoltsera med \u00e4r utifr\u00e5n kompetens och kunskap,<strong> s\u00e5 vet v\u00e4ldigt m\u00e5nga i AIK nu om hur man kan fostra fotbollsspelaren i v\u00e4rldsklass<\/strong>. Det st\u00e4rker ju oss utifr\u00e5n kompetens att n\u00e4r vi har arbetat med spelare s\u00e5 kan vi beskriva det, visa p\u00e5 en process som kan f\u00f6rmedlas genom historier och ber\u00e4ttelser f\u00f6r nya spelare, nya f\u00f6r\u00e4ldrar som ska med p\u00e5 resan. \u00c4ven n\u00e4r det kommer agenter, vi har arbetat med spelare som du dr\u00f6mmer om att ha i ditt stall. Det har varit ett enormt sj\u00e4lvf\u00f6rtroende och d\u00e4r tror jag man kan trycka p\u00e5 att vi har varit v\u00e4ldigt duktiga under resans g\u00e5ng, f\u00f6r vi har flera ledare som varit med p\u00e5 resan med Alexander kvar. Sen \u00e4r spelare fr\u00e5n hans pojklag akademitr\u00e4nare, s\u00e5 vi har kunnat boxat in en storyline d\u00e4r vi har v\u00e4ldigt stort sj\u00e4lvf\u00f6rtroende i att kunna ber\u00e4tta och \u00e5terber\u00e4tta i detalj vad som var avg\u00f6rande faktorer, vilka beslut togs l\u00e4ngs v\u00e4gen, vilka var i rummet och vilka stod Alexander med. Sedan framf\u00f6rallt, vad \u00e4r Alexanders ber\u00e4ttelse i det h\u00e4r, den gl\u00f6mmer man ju oftast bort.<br \/>\u2013 S\u00e5 d\u00e4r st\u00e5r vi lite i att anseende f\u00f6r oss \u00e4r att vi kan med v\u00e5r kompetens, skapa flera spelare som dr\u00f6mmer och drivkrafter till sina m\u00e5l, det \u00e4r v\u00e4l det som \u00e4r grejen.<\/p>\n<p><strong>Avslutningsvis, vad hoppas du p\u00e5 h\u00e4rn\u00e4st f\u00f6r Alexander, den h\u00e4r s\u00e4songen, vad hoppa du p\u00e5? Vad \u00e4r n\u00e4sta du hoppas p\u00e5 h\u00e4r?<\/strong><br \/>\u2013 Det \u00e4r en v\u00e4ldigt bra fr\u00e5ga, vad jag hoppas p\u00e5\u2026 Jag hoppas att tr\u00e4ningen med pojkar-12 ikv\u00e4ll blir bra, s\u00e4ger han med ett skratt och forts\u00e4tter: <br \/>\u2013 <strong>Jag hoppas att Alexander m\u00e5r bra<\/strong>, jag hoppas att han kan leva h\u00e4r och nu med inhoppet i f\u00f6rlusten mot Kosovo. Jag hoppas att han gr\u00e4ver d\u00e4r han st\u00e5r och det vet jag att han \u00e4r v\u00e4ldigt bra p\u00e5. G\u00f6r han det och f\u00e5r koncentrera sig p\u00e5 sitt presspel, sitt mottagningsspel, sitt avslutsspel, d\u00e5 kommer det att bli en v\u00e4ldigt fin s\u00e4song. Det \u00e4r det som faktiskt gjort att han st\u00e5tt f\u00f6r den h\u00e4r fina s\u00e4songen som varit kulmen till intresset, till det h\u00e4r steget, till dessa transfersummor \u00e4r ju att han varit v\u00e4ldigt skicklig i micro delarna sitt spel. Det \u00e4r inte tr\u00e4ningsplanering eller matchgenomg\u00e5ngen i Newcastle som \u00e4r magisk, det \u00e4r hans mottagningsspel, hans avslutsspel, att han kan flytta bollen lateralt i extrema v\u00e4rden till b\u00e5de h\u00f6ger och v\u00e4nster. Det \u00e4r ju det vi har tr\u00e4nat p\u00e5 och det \u00e4r de saker jag hoppas sitter d\u00e4r och att han f\u00e5r koncentrera sig p\u00e5 det, s\u00e5 att han inte m\u00e5ste koncentrera sig p\u00e5 massa andra grejer.<\/p>\n<p>Isak kan i helgen g\u00f6ra Liverpool-debut, detta d\u00e5 de regerande m\u00e4starna st\u00e4lls mot Burnley p\u00e5 bortaplan i Premier League, den matchen spelas p\u00e5 s\u00f6ndag. <\/p>\n","protected":false},"excerpt":{"rendered":"Premier Leagues dyraste och v\u00e4rldens fj\u00e4rde dyraste fotbollsspelare heter Alexander Isak och fostrades f\u00f6r AIK.Trots denna framg\u00e5ngssaga sl\u00e5r&hellip;\n","protected":false},"author":2,"featured_media":27246,"comment_status":"","ping_status":"","sticky":false,"template":"","format":"standard","meta":{"footnotes":""},"categories":[68],"tags":[754,34,111,110,31,33,32,30],"class_list":{"0":"post-27245","1":"post","2":"type-post","3":"status-publish","4":"format-standard","5":"has-post-thumbnail","7":"category-sport","8":"tag-huvudblock","9":"tag-se","10":"tag-sport","11":"tag-sports","12":"tag-svenska","13":"tag-sverige","14":"tag-sweden","15":"tag-swedish"},"share_on_mastodon":{"url":"","error":""},"_links":{"self":[{"href":"https:\/\/www.europesays.com\/se\/wp-json\/wp\/v2\/posts\/27245","targetHints":{"allow":["GET"]}}],"collection":[{"href":"https:\/\/www.europesays.com\/se\/wp-json\/wp\/v2\/posts"}],"about":[{"href":"https:\/\/www.europesays.com\/se\/wp-json\/wp\/v2\/types\/post"}],"author":[{"embeddable":true,"href":"https:\/\/www.europesays.com\/se\/wp-json\/wp\/v2\/users\/2"}],"replies":[{"embeddable":true,"href":"https:\/\/www.europesays.com\/se\/wp-json\/wp\/v2\/comments?post=27245"}],"version-history":[{"count":0,"href":"https:\/\/www.europesays.com\/se\/wp-json\/wp\/v2\/posts\/27245\/revisions"}],"wp:featuredmedia":[{"embeddable":true,"href":"https:\/\/www.europesays.com\/se\/wp-json\/wp\/v2\/media\/27246"}],"wp:attachment":[{"href":"https:\/\/www.europesays.com\/se\/wp-json\/wp\/v2\/media?parent=27245"}],"wp:term":[{"taxonomy":"category","embeddable":true,"href":"https:\/\/www.europesays.com\/se\/wp-json\/wp\/v2\/categories?post=27245"},{"taxonomy":"post_tag","embeddable":true,"href":"https:\/\/www.europesays.com\/se\/wp-json\/wp\/v2\/tags?post=27245"}],"curies":[{"name":"wp","href":"https:\/\/api.w.org\/{rel}","templated":true}]}}