{"id":27251,"date":"2025-09-11T09:15:10","date_gmt":"2025-09-11T09:15:10","guid":{"rendered":"https:\/\/www.europesays.com\/se\/27251\/"},"modified":"2025-09-11T09:15:10","modified_gmt":"2025-09-11T09:15:10","slug":"msnbc-avskedar-matthew-dowd-efter-kommentar-om-kirk","status":"publish","type":"post","link":"https:\/\/www.europesays.com\/se\/27251\/","title":{"rendered":"MSNBC avskedar Matthew Dowd efter kommentar om Kirk"},"content":{"rendered":"<p>TV-kanalen MSNBC:s politiska analytiker Matthew Dowd drog i g\u00e5r en parallell mellan Charlie Kirks \u201dhemska tankar\u201d och hans d\u00f6d.<\/p>\n<p>Nu sparkas han, rapporterar <a href=\"https:\/\/www.foxnews.com\/media\/msnbc-fires-analyst-matthew-dowd-for-unacceptable-comments-about-charlie-kirk\" rel=\"nofollow noopener\" target=\"_blank\">Fox News<\/a>.<\/p>\n<p><img loading=\"lazy\"   alt=\"\"\/><\/p>\n<p>Charlie Kirks b\u00e4rs i v\u00e4g av s\u00e4kerhetsvakter efter att han blivit skjuten.<\/p>\n<p>Foto: CHARLES-MCCLINTOCK WILSON \/ STELLA PICTURES\/ZUMA PRESS ZUMA PRESS<\/p>\n<p>\u00d6ppna bild i helsk\u00e4rm<img loading=\"lazy\"   alt=\"\"\/><\/p>\n<p>M\u00e4nniskor bes\u00f6ker en v\u00e4xande minnesplats f\u00f6r Charlie Kirk.<\/p>\n<p>Foto: LINDSEY WASSON \/ AP TT NYHETSBYR\u00c5N<\/p>\n<p>\u00d6ppna bild i helsk\u00e4rm<img loading=\"lazy\"   alt=\"\"\/> <\/p>\n<p>Foto: CHARLES-MCCLINTOCK WILSON \/ STELLA PICTURES\/ZUMA PRESS ZUMA PRESS<\/p>\n<p>\u00d6ppna bild i helsk\u00e4rm<strong>L\u00c4S MER: <\/strong><a href=\"https:\/\/www.expressen.se\/nyheter\/varlden\/tre-punkter-om-mordet-pa-charlie-kirk\/\" class=\"\" rel=\"nofollow noopener\" target=\"_blank\">Tre punkter om mordet p\u00e5 Charlie Kirk<\/a><\/p>\n<p>Under g\u00e5rdagskv\u00e4llens s\u00e4ndning av programmet Katy Tur Reports kommenterade MSNBC:s analytiker Matthew Dowd nyheten om att <a href=\"https:\/\/www.expressen.se\/tagg\/person\/charlie-kirk\/\" class=\"\" rel=\"nofollow noopener\" target=\"_blank\">Charlie Kirk<\/a> blivit skjuten.\u00a0<\/p>\n<p>Han sade bland annat: \u201dDu kan inte h\u00e5lla fast vid dessa hemska tankar, uttala dem och samtidigt tro att det inte leder till hemska handlingar.\u201d<\/p>\n<p>Uttalandet fick snabbt h\u00e5rd kritik.<\/p>\n<p>\u2013 De \u00e4r avskum. De beh\u00f6ver rannsaka sig sj\u00e4lva och inse att deras hemska retorik skadar nationen, sade en h\u00f6gt uppsatt tj\u00e4nsteman i Trump-administrationen till Fox News som reaktion p\u00e5 inslaget.<\/p>\n<p><img loading=\"lazy\"   alt=\"\"\/><\/p>\n<p>Matthew Dowd, tidigare politisk analytiker p\u00e5 MSNBC.<\/p>\n<p>Foto: Privat<\/p>\n<p>\u00d6ppna bild i helsk\u00e4rm<\/p>\n<p>Kort d\u00e4refter bad Dowd om urs\u00e4kt p\u00e5 plattformen Bluesky.<\/p>\n<p>MSNBC:s president Rebecca Kutler sa i ett uttalande att Dowds formuleringar var \u201dol\u00e4mpliga, ok\u00e4nsliga och oacceptabla\u201d. Hon betonade att b\u00e5de kanalen och Dowd sj\u00e4lv har bett om urs\u00e4kt.<\/p>\n<p>Flera medier, d\u00e4ribland Fox News och <a href=\"https:\/\/www.wsj.com\/livecoverage\/charlie-kirk-shot\/card\/dowd-no-longer-with-msnbc-after-on-air-comments-about-kirk-ckjUQhDAQMvdt30ueJxu?gaa_at=eafs&amp;gaa_n=ASWzDAjEoZB1LY_gv_EL_9mTOVRNjDzxashMrtaxbJNJJHbQIVqwfhoZeUZD1qS-6gs%3D&amp;gaa_ts=68c263c0&amp;gaa_sig=nXhXt60x9WTyT52XjT7eFWuyXm0MW6KpYAkVjr9ZTVq6Mpjr06mkHeU_5rfJXa4RcvsKci2RzJ4pV__eDgcbiQ%3D%3D\" rel=\"nofollow noopener\" target=\"_blank\">Wall Street Journal<\/a>, rapporterar nu att Matthew Dowd f\u00e5tt sparken.<\/p>\n<p>Han har sj\u00e4lv inte uttalat sig efter beskedet.<\/p>\n<p>MSNBC \u00e4r en av de fyra stora dygnet runt-s\u00e4ndande nyhetskanalerna i USA.<\/p>\n<p><strong>L\u00c4S MER: <\/strong><a href=\"https:\/\/www.expressen.se\/nyheter\/varlden\/hogeraktivisten-charlie-kirk-beskjuten-under-debatt\/\" class=\"\" rel=\"nofollow noopener\" target=\"_blank\">H\u00f6geraktivisten Charlie Kirk ihj\u00e4lskjuten under debatt<\/a>Trumps l\u00f6fte: \u201dHitta alla ansvariga f\u00f6r denna grymhet\u201d<\/p>\n","protected":false},"excerpt":{"rendered":"TV-kanalen MSNBC:s politiska analytiker Matthew Dowd drog i g\u00e5r en parallell mellan Charlie Kirks \u201dhemska tankar\u201d och hans&hellip;\n","protected":false},"author":2,"featured_media":27252,"comment_status":"","ping_status":"","sticky":false,"template":"","format":"standard","meta":{"footnotes":""},"categories":[5],"tags":[22,23,26,27,17,21,24,25,45,28,29,15,3132,16,3131,18,34,55,31,33,32,30,19,20],"class_list":{"0":"post-27251","1":"post","2":"type-post","3":"status-publish","4":"format-standard","5":"has-post-thumbnail","7":"category-rubriker","8":"tag-breaking-news","9":"tag-breakingnews","10":"tag-featured-news","11":"tag-featurednews","12":"tag-headlines","13":"tag-huvudnyheter","14":"tag-latest-news","15":"tag-latestnews","16":"tag-location-usa","17":"tag-main-news","18":"tag-mainnews","19":"tag-news","20":"tag-newsstory-charlie-kirk-mordad","21":"tag-nyheter","22":"tag-person-charlie-kirk","23":"tag-rubriker","24":"tag-se","25":"tag-sections-varlden","26":"tag-svenska","27":"tag-sverige","28":"tag-sweden","29":"tag-swedish","30":"tag-top-stories","31":"tag-topstories"},"share_on_mastodon":{"url":"","error":""},"_links":{"self":[{"href":"https:\/\/www.europesays.com\/se\/wp-json\/wp\/v2\/posts\/27251","targetHints":{"allow":["GET"]}}],"collection":[{"href":"https:\/\/www.europesays.com\/se\/wp-json\/wp\/v2\/posts"}],"about":[{"href":"https:\/\/www.europesays.com\/se\/wp-json\/wp\/v2\/types\/post"}],"author":[{"embeddable":true,"href":"https:\/\/www.europesays.com\/se\/wp-json\/wp\/v2\/users\/2"}],"replies":[{"embeddable":true,"href":"https:\/\/www.europesays.com\/se\/wp-json\/wp\/v2\/comments?post=27251"}],"version-history":[{"count":0,"href":"https:\/\/www.europesays.com\/se\/wp-json\/wp\/v2\/posts\/27251\/revisions"}],"wp:featuredmedia":[{"embeddable":true,"href":"https:\/\/www.europesays.com\/se\/wp-json\/wp\/v2\/media\/27252"}],"wp:attachment":[{"href":"https:\/\/www.europesays.com\/se\/wp-json\/wp\/v2\/media?parent=27251"}],"wp:term":[{"taxonomy":"category","embeddable":true,"href":"https:\/\/www.europesays.com\/se\/wp-json\/wp\/v2\/categories?post=27251"},{"taxonomy":"post_tag","embeddable":true,"href":"https:\/\/www.europesays.com\/se\/wp-json\/wp\/v2\/tags?post=27251"}],"curies":[{"name":"wp","href":"https:\/\/api.w.org\/{rel}","templated":true}]}}