{"id":27275,"date":"2025-09-11T09:34:25","date_gmt":"2025-09-11T09:34:25","guid":{"rendered":"https:\/\/www.europesays.com\/se\/27275\/"},"modified":"2025-09-11T09:34:25","modified_gmt":"2025-09-11T09:34:25","slug":"oron-innan-bruce-willis-demens-diagnos-frun-ville-skiljas","status":"publish","type":"post","link":"https:\/\/www.europesays.com\/se\/27275\/","title":{"rendered":"Oron innan Bruce Willis demens diagnos \u2013 frun ville skiljas"},"content":{"rendered":"<p>Publicerad 11 sep 2025 kl 11.25<\/p>\n<p>Emma Heming Willis \u00f6verv\u00e4gde skilsm\u00e4ssa innan maken Bruce Willis demensdiagnos.<\/p>\n<p>49-\u00e5ringen k\u00e4nde inte l\u00e4ngre igen mannen hon gifte sig med.<\/p>\n<p>\u2013 N\u00e5gonting \u00e4r bara s\u00e5 fel, s\u00e4ger hon i en intervju med <a href=\"https:\/\/www.vanityfair.com\/hollywood\/story\/bruce-willis-emma-heming-life-marriage-family\" rel=\"nofollow noopener\" target=\"_blank\">Vanity Fair<\/a>.<\/p>\n<p><img   alt=\"\"\/><\/p>\n<p>Emma Heming Willis och Bruce Willis.<\/p>\n<p>Foto: DVS \/ STELLA PICTURES IPHOTOLIVE.COM<\/p>\n<p>\u00d6ppna bild i helsk\u00e4rm<img loading=\"lazy\"   alt=\"\"\/> <\/p>\n<p>Foto: CHARLES SYKES \/ AP TT NYHETSBYR\u00c5N<\/p>\n<p>\u00d6ppna bild i helsk\u00e4rm<\/p>\n<p><a href=\"https:\/\/www.expressen.se\/tagg\/person\/bruce-willis\/\" class=\"\" rel=\"nofollow noopener\" target=\"_blank\">Bruce Willis<\/a>, 70, har diagnostiserats med frontallobsdemens. Hollywoodstj\u00e4rnan \u00e4r nu s\u00e5 pass sjuk att han inte kan bo kvar hemma, ber\u00e4ttade hans familj i b\u00f6rjan av september.<\/p>\n<p>Frun Emma Heming Willis, 49, ber\u00e4ttar nu om tiden innan maken fick sin diagnos. Modellen och sk\u00e5despelerskan m\u00e4rkte att n\u00e5gonting var fel.<\/p>\n<p>\u2013 Jag k\u00e4nde att mitt \u00e4ktenskap h\u00f6ll p\u00e5 att falla s\u00f6nder, s\u00e4ger hon i en intervju med Vanity Fair.<\/p>\n<p>Trodde han hittat n\u00e5gon annan<\/p>\n<p>49-\u00e5ringen trodde att Willis inte var k\u00e4r i henne l\u00e4ngre eller hade hittat n\u00e5gon annan. Vid ett tillf\u00e4lle \u00f6verv\u00e4gde hon till och med att skilja sig fr\u00e5n den 21 \u00e5r \u00e4ldre maken.<\/p>\n<p>\u2013 \u201dVad h\u00e4nder? Det h\u00e4r \u00e4r inte den person jag gifte mig med. N\u00e5gonting \u00e4r bara s\u00e5 fel\u201d. Och jag kunde inte f\u00f6rst\u00e5 det, ber\u00e4ttar Heming Willis.<\/p>\n<p>Personligheten f\u00f6r\u00e4ndras<\/p>\n<p>Svaret kom n\u00e4r Willis fick sin demensdiagnos, som f\u00f6rutom att man gl\u00f6mmer saker \u00e4ven inneb\u00e4r att personligheten f\u00f6r\u00e4ndras. Den drabbade beter sig ofta p\u00e5 ett inkonsekvent och omd\u00f6mesl\u00f6st s\u00e4tt. Man kan \u00e4ven f\u00e5 vredesutbrott och tappa f\u00f6rm\u00e5gan att k\u00e4nna empati.<\/p>\n<p>\u2013 Det \u00e4r s\u00e5 sv\u00e5rt just nu f\u00f6r mig att \u00e5teruppleva den tiden i v\u00e5ra liv, s\u00e4ger Heming Willis.<\/p>\n","protected":false},"excerpt":{"rendered":"Publicerad 11 sep 2025 kl 11.25 Emma Heming Willis \u00f6verv\u00e4gde skilsm\u00e4ssa innan maken Bruce Willis demensdiagnos. 49-\u00e5ringen k\u00e4nde&hellip;\n","protected":false},"author":2,"featured_media":27276,"comment_status":"","ping_status":"","sticky":false,"template":"","format":"standard","meta":{"footnotes":""},"categories":[67],"tags":[104,1898,34,31,33,32,30,688,547,105],"class_list":{"0":"post-27275","1":"post","2":"type-post","3":"status-publish","4":"format-standard","5":"has-post-thumbnail","7":"category-underhallning","8":"tag-entertainment","9":"tag-person-bruce-willis","10":"tag-se","11":"tag-svenska","12":"tag-sverige","13":"tag-sweden","14":"tag-swedish","15":"tag-topic-halsa-sjukvard","16":"tag-topic-karlek-relationer","17":"tag-underhallning"},"share_on_mastodon":{"url":"","error":""},"_links":{"self":[{"href":"https:\/\/www.europesays.com\/se\/wp-json\/wp\/v2\/posts\/27275","targetHints":{"allow":["GET"]}}],"collection":[{"href":"https:\/\/www.europesays.com\/se\/wp-json\/wp\/v2\/posts"}],"about":[{"href":"https:\/\/www.europesays.com\/se\/wp-json\/wp\/v2\/types\/post"}],"author":[{"embeddable":true,"href":"https:\/\/www.europesays.com\/se\/wp-json\/wp\/v2\/users\/2"}],"replies":[{"embeddable":true,"href":"https:\/\/www.europesays.com\/se\/wp-json\/wp\/v2\/comments?post=27275"}],"version-history":[{"count":0,"href":"https:\/\/www.europesays.com\/se\/wp-json\/wp\/v2\/posts\/27275\/revisions"}],"wp:featuredmedia":[{"embeddable":true,"href":"https:\/\/www.europesays.com\/se\/wp-json\/wp\/v2\/media\/27276"}],"wp:attachment":[{"href":"https:\/\/www.europesays.com\/se\/wp-json\/wp\/v2\/media?parent=27275"}],"wp:term":[{"taxonomy":"category","embeddable":true,"href":"https:\/\/www.europesays.com\/se\/wp-json\/wp\/v2\/categories?post=27275"},{"taxonomy":"post_tag","embeddable":true,"href":"https:\/\/www.europesays.com\/se\/wp-json\/wp\/v2\/tags?post=27275"}],"curies":[{"name":"wp","href":"https:\/\/api.w.org\/{rel}","templated":true}]}}