{"id":27301,"date":"2025-09-11T10:05:10","date_gmt":"2025-09-11T10:05:10","guid":{"rendered":"https:\/\/www.europesays.com\/se\/27301\/"},"modified":"2025-09-11T10:05:10","modified_gmt":"2025-09-11T10:05:10","slug":"carlos-alcaraz-dejtar-modellen-brooks-nader","status":"publish","type":"post","link":"https:\/\/www.europesays.com\/se\/27301\/","title":{"rendered":"Carlos Alcaraz dejtar modellen Brooks Nader"},"content":{"rendered":"<p>Publicerad 10 sep 2025 kl 23.20Uppdaterad 11 sep kl 04.45<\/p>\n<p>Ryktena \u00e4r sanna.<\/p>\n<p>Tennisstj\u00e4rnan Carlos Alcaraz och modellen Brooks Nader \u00e4r ett par.<\/p>\n<p>\u2013\u00a0Han \u00e4r mannen f\u00f6r tillf\u00e4llet, s\u00e4ger systern Grace Ann.<\/p>\n<p>Lea Nilsson till semifinal i US Open<img loading=\"lazy\"   alt=\"\"\/><\/p>\n<p>Brooks Nader.<\/p>\n<p>Foto: SHUTTERSTOCK EDITORIAL<\/p>\n<p>\u00d6ppna bild i helsk\u00e4rm<img loading=\"lazy\"   alt=\"\"\/><\/p>\n<p>Carlos Alcaraz.<\/p>\n<p>Foto: SHUTTERSTOCK EDITORIAL<\/p>\n<p>\u00d6ppna bild i helsk\u00e4rm<img loading=\"lazy\"   alt=\"\"\/><\/p>\n<p>Nader p\u00e5 v\u00e4g ut fr\u00e5n en tv-inspelning i Los Angeles i b\u00f6rjan av september.<\/p>\n<p>Foto: TT<\/p>\n<p>\u00d6ppna bild i helsk\u00e4rm<img loading=\"lazy\"   alt=\"\"\/><\/p>\n<p>Brooks Nader p\u00e5 US Open-finalen.<\/p>\n<p>Foto: TT<\/p>\n<p>\u00d6ppna bild i helsk\u00e4rm<img loading=\"lazy\"   alt=\"\"\/><\/p>\n<p>Brooks Nader i New York under US Open-dagarna.<\/p>\n<p>Foto: TT<\/p>\n<p>\u00d6ppna bild i helsk\u00e4rm<\/p>\n<p>Livet leker f\u00f6r <a href=\"https:\/\/www.expressen.se\/tagg\/person\/carlos-alcaraz\/\" class=\"\" rel=\"nofollow noopener\" target=\"_blank\">Carlos Alcaraz<\/a>.<\/p>\n<p>I s\u00f6ndags vann spanjoren US Open efter en rafflande final mot Jannik Sinner.<\/p>\n<p>Och det g\u00e5r smidigt utanf\u00f6r banan ocks\u00e5. V\u00e4rldsettan, som tidigare ryktats dejta tenniskollegan Emma Raducanu, har nu hittat k\u00e4rleken.<\/p>\n<p>Modellen Brooks Nader, 28, har f\u00e5ngat 22-\u00e5ringens hj\u00e4rta.<\/p>\n<p>Det ber\u00e4ttar systern Grace Ann Nader f\u00f6r<a href=\"https:\/\/www.eonline.com\/news\/1422310\/brooks-nader-dating-carlos-alcaraz\" rel=\"nofollow noopener\" target=\"_blank\"> E! News.<\/a>\u00a0<\/p>\n<p>\u2013\u00a0Ryktena \u00e4r sanna. Att dejta n\u00e5gon \u00e4r en s\u00e5dan bred term. Men jag vet att han \u00e4r mannen f\u00f6r tillf\u00e4llet, s\u00e4ger hon.<\/p>\n<p>Sades dejta v\u00e4rsta rivalen<\/p>\n<p>Den sexfaldige grand slam-vinnaren har redan hunnit tr\u00e4ffa systrarna Mary Holland Nader och Sara Jane Nader.\u00a0<\/p>\n<p>Men Grace Ann har \u00e4nnu inte hunnit h\u00e4lsa.<\/p>\n<p>\u2013 Jag l\u00e4ngtar efter det. Han \u00e4r en s\u00e5dan s\u00f6tnos.<\/p>\n<p>Det har tidigare ryktats om att Brooks Nader skulle ha dejtat just Jannik Sinner. Detta efter att hon synts p\u00e5 l\u00e4ktaren i US Open.<\/p>\n<p>Men nu tycks anledningen ha varit att heja fram italienarens motst\u00e5ndare i st\u00e4llet.<\/p>\n<p>Sinner s\u00e4gs i sin tur tr\u00e4ffa danska modellen Laila Hasanovic, som tidigare varit ihop med f\u00f6rre formel 1-f\u00f6raren Mick Schumacher.<\/p>\n","protected":false},"excerpt":{"rendered":"Publicerad 10 sep 2025 kl 23.20Uppdaterad 11 sep kl 04.45 Ryktena \u00e4r sanna. Tennisstj\u00e4rnan Carlos Alcaraz och modellen&hellip;\n","protected":false},"author":2,"featured_media":27302,"comment_status":"","ping_status":"","sticky":false,"template":"","format":"standard","meta":{"footnotes":""},"categories":[68],"tags":[2962,34,307,111,110,31,33,32,30],"class_list":{"0":"post-27301","1":"post","2":"type-post","3":"status-publish","4":"format-standard","5":"has-post-thumbnail","7":"category-sport","8":"tag-person-carlos-alcaraz","9":"tag-se","10":"tag-sections-tennis","11":"tag-sport","12":"tag-sports","13":"tag-svenska","14":"tag-sverige","15":"tag-sweden","16":"tag-swedish"},"share_on_mastodon":{"url":"","error":""},"_links":{"self":[{"href":"https:\/\/www.europesays.com\/se\/wp-json\/wp\/v2\/posts\/27301","targetHints":{"allow":["GET"]}}],"collection":[{"href":"https:\/\/www.europesays.com\/se\/wp-json\/wp\/v2\/posts"}],"about":[{"href":"https:\/\/www.europesays.com\/se\/wp-json\/wp\/v2\/types\/post"}],"author":[{"embeddable":true,"href":"https:\/\/www.europesays.com\/se\/wp-json\/wp\/v2\/users\/2"}],"replies":[{"embeddable":true,"href":"https:\/\/www.europesays.com\/se\/wp-json\/wp\/v2\/comments?post=27301"}],"version-history":[{"count":0,"href":"https:\/\/www.europesays.com\/se\/wp-json\/wp\/v2\/posts\/27301\/revisions"}],"wp:featuredmedia":[{"embeddable":true,"href":"https:\/\/www.europesays.com\/se\/wp-json\/wp\/v2\/media\/27302"}],"wp:attachment":[{"href":"https:\/\/www.europesays.com\/se\/wp-json\/wp\/v2\/media?parent=27301"}],"wp:term":[{"taxonomy":"category","embeddable":true,"href":"https:\/\/www.europesays.com\/se\/wp-json\/wp\/v2\/categories?post=27301"},{"taxonomy":"post_tag","embeddable":true,"href":"https:\/\/www.europesays.com\/se\/wp-json\/wp\/v2\/tags?post=27301"}],"curies":[{"name":"wp","href":"https:\/\/api.w.org\/{rel}","templated":true}]}}