{"id":273022,"date":"2026-06-11T16:23:29","date_gmt":"2026-06-11T16:23:29","guid":{"rendered":"https:\/\/www.europesays.com\/se\/273022\/"},"modified":"2026-06-11T16:23:29","modified_gmt":"2026-06-11T16:23:29","slug":"jacob-jansson-om-fusket-i-sveriges-masterkock-riggat","status":"publish","type":"post","link":"https:\/\/www.europesays.com\/se\/273022\/","title":{"rendered":"Jacob Jansson om fusket i Sveriges M\u00e4sterkock: \u201dRiggat\u201d"},"content":{"rendered":"<p>Uppdaterad 10 jun 2026 kl 16.35Publicerad 11 jun 2026 kl 06.00<\/p>\n<p>Hemliga avsmakningen utanf\u00f6r kamerorna och fusket med hur matr\u00e4tterna tas fram. Dessutom avsl\u00f6jar Jacob att hela castingen med Tom var riggad. Det och mycket mer f\u00e5r du h\u00f6ra om i veckans avsnitt av \u201dBehind the scenes\u201d.<br \/>\nG\u00e4ster: Matilda Bj\u00f6rk och Jacob Jansson<\/p>\n<p>            <a href=\"mailto:webbrattelse@expressen.se?subject=Fel%20i%20artikel%3A%20Fusket%20i%20Sveriges%20m%C3%A4sterkock%3A%20%E2%80%9DRiggat%E2%80%9D&amp;body=En%20l%C3%A4sare%20rapporterar%20fel%20i%20https%3A%2F%2Fwww.expressen.se%2Ftv%2Fnoje%2Ffusket-i-sveriges-masterkock-riggat%2F%0A%0AKommentar%3A%20\"><br \/>\n              Anm\u00e4l text- och faktafel<br \/>\n            <\/a><a href=\"https:\/\/www.expressen.se\/om-expressen\/sa-jobbar-vi-med-korrekta-publiceringar\/\" rel=\"nofollow noopener\" target=\"_blank\">V\u00e5ra kvalitetsrutiner<\/a><\/p>\n","protected":false},"excerpt":{"rendered":"Uppdaterad 10 jun 2026 kl 16.35Publicerad 11 jun 2026 kl 06.00 Hemliga avsmakningen utanf\u00f6r kamerorna och fusket med&hellip;\n","protected":false},"author":2,"featured_media":273023,"comment_status":"","ping_status":"","sticky":false,"template":"","format":"standard","meta":{"footnotes":"","_share_on_mastodon":"0"},"categories":[67],"tags":[104,17646,3392,384,34,12493,31,33,32,30,218,22269,105],"class_list":["post-273022","post","type-post","status-publish","format-standard","has-post-thumbnail","category-underhallning","tag-entertainment","tag-organization-bts-vodd","tag-organization-sveriges-masterkock","tag-organization-tv4","tag-se","tag-sections-noje","tag-svenska","tag-sverige","tag-sweden","tag-swedish","tag-topic-realityprogram","tag-topic-tv-program","tag-underhallning"],"share_on_mastodon":{"url":"https:\/\/pubeurope.com\/@se\/116732402512350165","error":""},"_links":{"self":[{"href":"https:\/\/www.europesays.com\/se\/wp-json\/wp\/v2\/posts\/273022","targetHints":{"allow":["GET"]}}],"collection":[{"href":"https:\/\/www.europesays.com\/se\/wp-json\/wp\/v2\/posts"}],"about":[{"href":"https:\/\/www.europesays.com\/se\/wp-json\/wp\/v2\/types\/post"}],"author":[{"embeddable":true,"href":"https:\/\/www.europesays.com\/se\/wp-json\/wp\/v2\/users\/2"}],"replies":[{"embeddable":true,"href":"https:\/\/www.europesays.com\/se\/wp-json\/wp\/v2\/comments?post=273022"}],"version-history":[{"count":0,"href":"https:\/\/www.europesays.com\/se\/wp-json\/wp\/v2\/posts\/273022\/revisions"}],"wp:featuredmedia":[{"embeddable":true,"href":"https:\/\/www.europesays.com\/se\/wp-json\/wp\/v2\/media\/273023"}],"wp:attachment":[{"href":"https:\/\/www.europesays.com\/se\/wp-json\/wp\/v2\/media?parent=273022"}],"wp:term":[{"taxonomy":"category","embeddable":true,"href":"https:\/\/www.europesays.com\/se\/wp-json\/wp\/v2\/categories?post=273022"},{"taxonomy":"post_tag","embeddable":true,"href":"https:\/\/www.europesays.com\/se\/wp-json\/wp\/v2\/tags?post=273022"}],"curies":[{"name":"wp","href":"https:\/\/api.w.org\/{rel}","templated":true}]}}