{"id":273135,"date":"2026-06-11T18:03:45","date_gmt":"2026-06-11T18:03:45","guid":{"rendered":"https:\/\/www.europesays.com\/se\/273135\/"},"modified":"2026-06-11T18:03:45","modified_gmt":"2026-06-11T18:03:45","slug":"paulina-neuding-det-som-da-var-drom-ar-nu-vardag","status":"publish","type":"post","link":"https:\/\/www.europesays.com\/se\/273135\/","title":{"rendered":"Paulina Neuding:: Det som d\u00e5 var dr\u00f6m \u00e4r nu vardag"},"content":{"rendered":"<p> <a href=\"https:\/\/svd.se\/av\/paulina-neuding\" title=\"Paulina Neuding\" rel=\"nofollow noopener\" target=\"_blank\"><img decoding=\"async\" alt=\"Paulina Neuding\" class=\"_image_12vp2_69\" loading=\"lazy\"  src=\"https:\/\/www.europesays.com\/se\/wp-content\/uploads\/2026\/06\/1781201025_932_6a3dc4be-2224-48ed-bf80-d2171b1ebc8a.png\"  width=\"40\"\/><\/a><img alt=\"\" class=\"_image_11sd3_84 layout-component layout-wide\" data-fullscreen- data-track-element-type=\"Article image fullscreen\" data-track-name=\"ImageFullscreen\" fetchpriority=\"high\" decoding=\"sync\" loading=\"eager\" height=\"5142\" itemprop=\"image\"  src=\"https:\/\/www.europesays.com\/se\/wp-content\/uploads\/2026\/06\/93131b4a-1563-3cb1-8823-81404b14aab2.jpeg\"  style=\"object-position:51.34907251264755% 39.702450408401404%\" width=\"7709\"\/><\/p>\n<p class=\"_textTheme_zldsx_1 _lead_2e275_2 _lead_181bi_18 layout-component layout-normal layout-padded _lead_o6m9k_5 _leadTheme_1q6sv_1 body-large bold\">Att regeringen fick backa om f\u00e4ngelse f\u00f6r 13-\u00e5ringar \u00e4r olyckligt. Men Tid\u00f6partierna har levererat p\u00e5 det uppdrag som de valdes f\u00f6r att genomf\u00f6ra \u2013 att trycka tillbaka v\u00e5ldet.<\/p>\n<p class=\"_textTheme_zldsx_1 _paragraph_2e275_4 _paragraph_181bi_27 layout-component layout-normal\">Det h\u00e4r \u00e4r en text fr\u00e5n SvD Ledare. Ledarredaktionen \u00e4r partipolitiskt oavh\u00e4ngig med beteckningen obunden moderat.<\/p>\n<p class=\"_textTheme_zldsx_1 _paragraph_2e275_4 _paragraph_181bi_27 layout-component layout-normal layout-padded body-medium\">En av de saker som varit sl\u00e5ende under den svenska v\u00e5ldsv\u00e5gen \u00e4r hur l\u00e4tt man v\u00e4njer sig. Hur snabbt det gick innan nattens d\u00f6dsskjutning i n\u00e5gon f\u00f6rort inte l\u00e4ngre var ett samtals\u00e4mne vid fikaborden.<\/p>\n<p class=\"_textTheme_zldsx_1 _paragraph_2e275_4 _paragraph_181bi_27 layout-component layout-normal layout-padded body-medium\">Och omv\u00e4nt \u2013 hur snabbt man v\u00e4njer sig vid att det d\u00f6dliga skjutvapenv\u00e5ldet minskar.<\/p>\n","protected":false},"excerpt":{"rendered":"Att regeringen fick backa om f\u00e4ngelse f\u00f6r 13-\u00e5ringar \u00e4r olyckligt. Men Tid\u00f6partierna har levererat p\u00e5 det uppdrag som&hellip;\n","protected":false},"author":2,"featured_media":273136,"comment_status":"","ping_status":"","sticky":false,"template":"","format":"standard","meta":{"footnotes":"","_share_on_mastodon":"0"},"categories":[12],"tags":[22,23,26,27,2613,17,21,2626,24,25,28,29,15,16,18,34,21493,21494,31,33,32,30,19,20],"class_list":["post-273135","post","type-post","status-publish","format-standard","has-post-thumbnail","category-sverige","tag-breaking-news","tag-breakingnews","tag-featured-news","tag-featurednews","tag-gunnar-strommer","tag-headlines","tag-huvudnyheter","tag-kriminalitet","tag-latest-news","tag-latestnews","tag-main-news","tag-mainnews","tag-news","tag-nyheter","tag-rubriker","tag-se","tag-svd-ledare-ledare","tag-svd-ledarlada","tag-svenska","tag-sverige","tag-sweden","tag-swedish","tag-top-stories","tag-topstories"],"share_on_mastodon":{"url":"https:\/\/pubeurope.com\/@se\/116732795968658718","error":""},"_links":{"self":[{"href":"https:\/\/www.europesays.com\/se\/wp-json\/wp\/v2\/posts\/273135","targetHints":{"allow":["GET"]}}],"collection":[{"href":"https:\/\/www.europesays.com\/se\/wp-json\/wp\/v2\/posts"}],"about":[{"href":"https:\/\/www.europesays.com\/se\/wp-json\/wp\/v2\/types\/post"}],"author":[{"embeddable":true,"href":"https:\/\/www.europesays.com\/se\/wp-json\/wp\/v2\/users\/2"}],"replies":[{"embeddable":true,"href":"https:\/\/www.europesays.com\/se\/wp-json\/wp\/v2\/comments?post=273135"}],"version-history":[{"count":0,"href":"https:\/\/www.europesays.com\/se\/wp-json\/wp\/v2\/posts\/273135\/revisions"}],"wp:featuredmedia":[{"embeddable":true,"href":"https:\/\/www.europesays.com\/se\/wp-json\/wp\/v2\/media\/273136"}],"wp:attachment":[{"href":"https:\/\/www.europesays.com\/se\/wp-json\/wp\/v2\/media?parent=273135"}],"wp:term":[{"taxonomy":"category","embeddable":true,"href":"https:\/\/www.europesays.com\/se\/wp-json\/wp\/v2\/categories?post=273135"},{"taxonomy":"post_tag","embeddable":true,"href":"https:\/\/www.europesays.com\/se\/wp-json\/wp\/v2\/tags?post=273135"}],"curies":[{"name":"wp","href":"https:\/\/api.w.org\/{rel}","templated":true}]}}