{"id":273199,"date":"2026-06-11T19:13:17","date_gmt":"2026-06-11T19:13:17","guid":{"rendered":"https:\/\/www.europesays.com\/se\/273199\/"},"modified":"2026-06-11T19:13:17","modified_gmt":"2026-06-11T19:13:17","slug":"kladkoden-pa-international-bar-fick-inte-bestalla","status":"publish","type":"post","link":"https:\/\/www.europesays.com\/se\/273199\/","title":{"rendered":"Kl\u00e4dkoden p\u00e5 International bar \u2013 fick inte best\u00e4lla"},"content":{"rendered":"<p>Publicerad 11 jun 2026 kl 20.00<\/p>\n<p>Pension\u00e4rsparet Gunnel och Stefan t\u00e4nkte ta ett glas p\u00e5 kvarterskrogens uteservering.<\/p>\n<p>Men de ombads l\u00e4mna restaurangen \u2013 p\u00e5 grund av Stefans tr\u00f6ja.<\/p>\n<p>\u2013 Det k\u00e4nns ju lite m\u00e4rkligt, s\u00e4ger Gunnel.<\/p>\n<p><img   alt=\"\"\/> <\/p>\n<p>Foto: Fredrik Sandberg \/ TT NYHETSBYR\u00c5N<\/p>\n<p>\u00d6ppna bild i helsk\u00e4rm<\/p>\n<p>Solen kikade fram och l\u00e5g p\u00e5 uteserveringen till en restaurang alldeles runt h\u00f6rnet fr\u00e5n d\u00e4r Gunnel Rydholm bor med sin man Stefan p\u00e5 <a href=\"https:\/\/www.expressen.se\/tagg\/location\/kungsholmen\/\" class=\"\" rel=\"nofollow noopener\" target=\"_blank\">Kungsholmen<\/a>. Restaurangen tillh\u00f6r kedjan International Bar, som finns p\u00e5 flera platser i Stockholm, och \u00e4r en sportbar som marknadsf\u00f6r att de visar bland annat engelsk ligafotboll, Champions League och det stundande fotbolls-VM.<\/p>\n<p>Artikeln i korthet<\/p>\n<p> Pension\u00e4rspar nekades servering p\u00e5 sportbar \u2013 p\u00e5 grund av en Adidas-logga p\u00e5 tr\u00f6jan.<\/p>\n<p> Flera g\u00e4ster har klagat p\u00e5 barens kl\u00e4dkod.<\/p>\n<p> \u00c4garen f\u00f6rsvarar policyn men vill inte kommentera vidare.<\/p>\n<p>Visa mer<\/p>\n<p>Men Gunnel och Stefan kom inte dit f\u00f6r fotbollen.<\/p>\n<p>\u2013 Vi gick dit f\u00f6r uteserveringens skull \u2013\u00a0f\u00f6r att kunna sitta i kv\u00e4llssolen, s\u00e4ger Gunnel som ber\u00e4ttar att en servitris kom fram och fr\u00e5gade vad de ville ha.<\/p>\n<p>Gunnel och Stefan best\u00e4llde. Sedan v\u00e4ntade de. Tills servitrisen kom tillbaka \u2013\u00a0tomh\u00e4nt.<\/p>\n<p>\u2013 Och d\u00e5 informerade hon oss om att de har en strikt kl\u00e4dkod p\u00e5 restaurangen, och sa att vi inte fick best\u00e4lla n\u00e5got, f\u00f6rklarar Gunnel.<\/p>\n<p><img loading=\"lazy\"   alt=\"\"\/><\/p>\n<p>Tr\u00f6jan som var anledningen till att Gunnel och Stefan inte fick best\u00e4lla.<\/p>\n<p>Foto: Privat<\/p>\n<p>\u00d6ppna bild i helsk\u00e4rmSportbarens strikta f\u00f6rbud<\/p>\n<p>Stefan, visade det sig, hade fel sorts tr\u00f6ja p\u00e5 sig.<\/p>\n<p>\u2013 Servitrisen f\u00f6rklarade att man inte fick ha en sportlogga p\u00e5 sina kl\u00e4der, s\u00e4ger Gunnel som f\u00f6rtydligar att hon och hennes man blev artigt bem\u00f6tta.<\/p>\n<p>Men reglerna var obrytbara.<\/p>\n<p>Och Gunnel och Stefan fick vackert resa p\u00e5 sig och g\u00e5 d\u00e4rifr\u00e5n.<\/p>\n<p>\u2013 Vi har inga problem med att n\u00e5gon vill ha en kl\u00e4dkod, men det finns ju ingen information om det n\u00e5gonstans. Det k\u00e4nns ju lite m\u00e4rkligt att de skriver \u201dWe love football\u201d p\u00e5 sin hemsida men s\u00e5 f\u00e5r man inte ha en liten sportlogga p\u00e5 sin tr\u00f6ja, s\u00e4ger Gunnel.<\/p>\n<p>Flera klagar p\u00e5 kl\u00e4dkoden<\/p>\n<p>Gunnel och Stefan \u00e4r inte de f\u00f6rsta att bli ratade av International Bar p\u00e5 grund av sina kl\u00e4der. Flera Google-recensioner tar upp kl\u00e4dkoden:<\/p>\n<p>\u201dDe tar sig r\u00e4tten att kommentera v\u00e5ra kl\u00e4der och sl\u00e4nga ut oss f\u00f6r att min kompis hade en Adidastr\u00f6ja p\u00e5 sig\u201d, skriver en bes\u00f6kare.\u00a0<\/p>\n<p>\u201dVi blev utskickade 5 min efter vi hade best\u00e4llt och f\u00e5tt v\u00e5ran mat samt dryck. Servit\u00f6ren kom och sa att vi beh\u00f6ver l\u00e4mna pga dresscode\u201d, skriver en annan.<\/p>\n<p>Google-recensionerna har inte besvarats av restaurangen. N\u00e4r Expressen n\u00e5r en av International Bars \u00e4gare h\u00e4nvisar han till att de \u00e4r fria att s\u00e4tta vilka kl\u00e4dpolicys de vill.<\/p>\n<p>Men vill i \u00f6vrigt inte uttala sig.<\/p>\n","protected":false},"excerpt":{"rendered":"Publicerad 11 jun 2026 kl 20.00 Pension\u00e4rsparet Gunnel och Stefan t\u00e4nkte ta ett glas p\u00e5 kvarterskrogens uteservering. Men&hellip;\n","protected":false},"author":2,"featured_media":273200,"comment_status":"","ping_status":"","sticky":false,"template":"","format":"standard","meta":{"footnotes":"","_share_on_mastodon":"0"},"categories":[65],"tags":[72,70,71,5685,2427,1370,244,34,154,31,33,32,30,965],"class_list":["post-273199","post","type-post","status-publish","format-standard","has-post-thumbnail","category-ekonomi","tag-business","tag-economy","tag-ekonomi","tag-location-kungsholmen","tag-organization-champions-league","tag-organization-fotbolls-vm","tag-organization-premier-league","tag-se","tag-sections-sverige","tag-svenska","tag-sverige","tag-sweden","tag-swedish","tag-topic-restaurang"],"share_on_mastodon":{"url":"https:\/\/pubeurope.com\/@se\/116733071079930319","error":""},"_links":{"self":[{"href":"https:\/\/www.europesays.com\/se\/wp-json\/wp\/v2\/posts\/273199","targetHints":{"allow":["GET"]}}],"collection":[{"href":"https:\/\/www.europesays.com\/se\/wp-json\/wp\/v2\/posts"}],"about":[{"href":"https:\/\/www.europesays.com\/se\/wp-json\/wp\/v2\/types\/post"}],"author":[{"embeddable":true,"href":"https:\/\/www.europesays.com\/se\/wp-json\/wp\/v2\/users\/2"}],"replies":[{"embeddable":true,"href":"https:\/\/www.europesays.com\/se\/wp-json\/wp\/v2\/comments?post=273199"}],"version-history":[{"count":0,"href":"https:\/\/www.europesays.com\/se\/wp-json\/wp\/v2\/posts\/273199\/revisions"}],"wp:featuredmedia":[{"embeddable":true,"href":"https:\/\/www.europesays.com\/se\/wp-json\/wp\/v2\/media\/273200"}],"wp:attachment":[{"href":"https:\/\/www.europesays.com\/se\/wp-json\/wp\/v2\/media?parent=273199"}],"wp:term":[{"taxonomy":"category","embeddable":true,"href":"https:\/\/www.europesays.com\/se\/wp-json\/wp\/v2\/categories?post=273199"},{"taxonomy":"post_tag","embeddable":true,"href":"https:\/\/www.europesays.com\/se\/wp-json\/wp\/v2\/tags?post=273199"}],"curies":[{"name":"wp","href":"https:\/\/api.w.org\/{rel}","templated":true}]}}