{"id":273219,"date":"2026-06-11T19:30:12","date_gmt":"2026-06-11T19:30:12","guid":{"rendered":"https:\/\/www.europesays.com\/se\/273219\/"},"modified":"2026-06-11T19:30:12","modified_gmt":"2026-06-11T19:30:12","slug":"kvinna-dod-tre-gripna","status":"publish","type":"post","link":"https:\/\/www.europesays.com\/se\/273219\/","title":{"rendered":"Kvinna d\u00f6d \u2013 tre gripna"},"content":{"rendered":"<p>Uppdaterad 11 jun 2026 kl 20.57Publicerad 11 jun 2026 kl 19.54<\/p>\n<p>En kvinna i 55-\u00e5rs\u00e5ldern har hittats d\u00f6d i en bostad i Malm\u00f6.<\/p>\n<p>Polisen utreder mord och tv\u00e5 m\u00e4n och en kvinna har gripits.<\/p>\n<p>Offret och de misst\u00e4nkta tillh\u00f6r samma sl\u00e4kt, enligt polisen.<\/p>\n<p>Senaste nyhetsklippen fr\u00e5n Expressen.<img   alt=\"\"\/><\/p>\n<p>Tre personer har gripits misst\u00e4nkta f\u00f6r mord.<\/p>\n<p>Foto: Mikael Nilsson\/SBM<\/p>\n<p>\u00d6ppna bild i helsk\u00e4rm<\/p>\n<p>Polis, r\u00e4ddningstj\u00e4nst och ambulanssjukv\u00e5rd larmades om h\u00e4ndelsen vid 13.50 p\u00e5 torsdagen. Inledningsvis uppgav polisen att kvinnan blivit misshandlad.<\/p>\n<p>Under kv\u00e4llen meddelar man att kvinnan i 55-\u00e5rs\u00e5ldern \u00e4r d\u00f6d. Anh\u00f6riga \u00e4r underr\u00e4ttade.<\/p>\n<p>Brottsrubriceringen \u00e4r mord. Tv\u00e5 m\u00e4n och en kvinna \u00e4r gripna.<\/p>\n<p>\u2013 De tillh\u00f6r samma familj eller sl\u00e4kt, s\u00e4ger polisens presstalesperson Leif Fransson.<\/p>\n<p>Det \u00e4r ingen skjutning, men polisen g\u00e5r i \u00f6vrigt inte in i detalj p\u00e5 hur mordet har beg\u00e5tts.<\/p>\n","protected":false},"excerpt":{"rendered":"Uppdaterad 11 jun 2026 kl 20.57Publicerad 11 jun 2026 kl 19.54 En kvinna i 55-\u00e5rs\u00e5ldern har hittats d\u00f6d&hellip;\n","protected":false},"author":2,"featured_media":273220,"comment_status":"","ping_status":"","sticky":false,"template":"","format":"standard","meta":{"footnotes":"","_share_on_mastodon":"0"},"categories":[14],"tags":[22,23,26,27,17,21,24,25,2211,28,29,15,16,18,34,154,31,33,32,30,19,436,20,51,52,53,54],"class_list":["post-273219","post","type-post","status-publish","format-standard","has-post-thumbnail","category-varlden","tag-breaking-news","tag-breakingnews","tag-featured-news","tag-featurednews","tag-headlines","tag-huvudnyheter","tag-latest-news","tag-latestnews","tag-location-malmo","tag-main-news","tag-mainnews","tag-news","tag-nyheter","tag-rubriker","tag-se","tag-sections-sverige","tag-svenska","tag-sverige","tag-sweden","tag-swedish","tag-top-stories","tag-topic-valdsbrott-mord","tag-topstories","tag-varlden","tag-world","tag-world-news","tag-worldnews"],"share_on_mastodon":{"url":"https:\/\/pubeurope.com\/@se\/116733137669247038","error":""},"_links":{"self":[{"href":"https:\/\/www.europesays.com\/se\/wp-json\/wp\/v2\/posts\/273219","targetHints":{"allow":["GET"]}}],"collection":[{"href":"https:\/\/www.europesays.com\/se\/wp-json\/wp\/v2\/posts"}],"about":[{"href":"https:\/\/www.europesays.com\/se\/wp-json\/wp\/v2\/types\/post"}],"author":[{"embeddable":true,"href":"https:\/\/www.europesays.com\/se\/wp-json\/wp\/v2\/users\/2"}],"replies":[{"embeddable":true,"href":"https:\/\/www.europesays.com\/se\/wp-json\/wp\/v2\/comments?post=273219"}],"version-history":[{"count":0,"href":"https:\/\/www.europesays.com\/se\/wp-json\/wp\/v2\/posts\/273219\/revisions"}],"wp:featuredmedia":[{"embeddable":true,"href":"https:\/\/www.europesays.com\/se\/wp-json\/wp\/v2\/media\/273220"}],"wp:attachment":[{"href":"https:\/\/www.europesays.com\/se\/wp-json\/wp\/v2\/media?parent=273219"}],"wp:term":[{"taxonomy":"category","embeddable":true,"href":"https:\/\/www.europesays.com\/se\/wp-json\/wp\/v2\/categories?post=273219"},{"taxonomy":"post_tag","embeddable":true,"href":"https:\/\/www.europesays.com\/se\/wp-json\/wp\/v2\/tags?post=273219"}],"curies":[{"name":"wp","href":"https:\/\/api.w.org\/{rel}","templated":true}]}}