{"id":27326,"date":"2025-09-11T10:52:40","date_gmt":"2025-09-11T10:52:40","guid":{"rendered":"https:\/\/www.europesays.com\/se\/27326\/"},"modified":"2025-09-11T10:52:40","modified_gmt":"2025-09-11T10:52:40","slug":"vite-for-foraldrar-som-inte-tar-hjalp-med-barn-pa-glid","status":"publish","type":"post","link":"https:\/\/www.europesays.com\/se\/27326\/","title":{"rendered":"Vite f\u00f6r f\u00f6r\u00e4ldrar som inte tar hj\u00e4lp med barn p\u00e5 glid"},"content":{"rendered":"<p>Regeringen vill att f\u00f6r\u00e4ldrar som inte tar emot hj\u00e4lp n\u00e4r deras barn hamnar p\u00e5 glid ska kunna straffas med vite, skriver TT. <\/p>\n<p>\u2013 I dag saknas det i praktiken m\u00f6jligheter att ge insatser till v\u00e5rdnadshavare som tackar nej, s\u00e4ger socialtj\u00e4nstminister Camilla Waltersson Gr\u00f6nvall (M).<\/p>\n<p>I den kommande budgeten kommer regeringen att avs\u00e4tta pengar till Socialstyrelsen f\u00f6r att f\u00f6rbereda en ny lag som ska ge socialtj\u00e4nsten verktyg n\u00e4r f\u00f6r\u00e4ldrar till barn som beh\u00f6ver insatser inte samtycker.<\/p>\n<p>I budgeten avs\u00e4tts ocks\u00e5 624 miljoner kronor till Statens institutionsstyrelse (Sis), f\u00f6r att skapa fler platser p\u00e5 myndighetens ungdomshem, samt att \u00f6ka kvaliteten och s\u00e4kerheten.<\/p>\n<p>Omni \u00e4r politiskt obundna och oberoende. Vi str\u00e4var efter att ge fler perspektiv p\u00e5 nyheterna. Har du fr\u00e5gor eller synpunkter kring v\u00e5r rapportering? <a href=\"https:\/\/omni.se\/vite-for-foraldrar-som-inte-tar-hjalp-med-barn-pa-glid\/a\/mailto:redaktion@omni.se\" class=\"ArticleActions_contactLink__W2F1M\" rel=\"nofollow noopener\" target=\"_blank\">Kontakta redaktionen<\/a><\/p>\n","protected":false},"excerpt":{"rendered":"Regeringen vill att f\u00f6r\u00e4ldrar som inte tar emot hj\u00e4lp n\u00e4r deras barn hamnar p\u00e5 glid ska kunna straffas&hellip;\n","protected":false},"author":2,"featured_media":27327,"comment_status":"","ping_status":"","sticky":false,"template":"","format":"standard","meta":{"footnotes":""},"categories":[5],"tags":[223,22,23,3150,26,27,17,21,120,24,25,28,29,15,16,18,34,1648,2109,31,33,32,30,19,20],"class_list":{"0":"post-27326","1":"post","2":"type-post","3":"status-publish","4":"format-standard","5":"has-post-thumbnail","7":"category-rubriker","8":"tag-barn-unga","9":"tag-breaking-news","10":"tag-breakingnews","11":"tag-camilla-waltersson-gronvall","12":"tag-featured-news","13":"tag-featurednews","14":"tag-headlines","15":"tag-huvudnyheter","16":"tag-lag-ratt","17":"tag-latest-news","18":"tag-latestnews","19":"tag-main-news","20":"tag-mainnews","21":"tag-news","22":"tag-nyheter","23":"tag-rubriker","24":"tag-se","25":"tag-socialpolitik","26":"tag-socialstyrelsen","27":"tag-svenska","28":"tag-sverige","29":"tag-sweden","30":"tag-swedish","31":"tag-top-stories","32":"tag-topstories"},"share_on_mastodon":{"url":"","error":""},"_links":{"self":[{"href":"https:\/\/www.europesays.com\/se\/wp-json\/wp\/v2\/posts\/27326","targetHints":{"allow":["GET"]}}],"collection":[{"href":"https:\/\/www.europesays.com\/se\/wp-json\/wp\/v2\/posts"}],"about":[{"href":"https:\/\/www.europesays.com\/se\/wp-json\/wp\/v2\/types\/post"}],"author":[{"embeddable":true,"href":"https:\/\/www.europesays.com\/se\/wp-json\/wp\/v2\/users\/2"}],"replies":[{"embeddable":true,"href":"https:\/\/www.europesays.com\/se\/wp-json\/wp\/v2\/comments?post=27326"}],"version-history":[{"count":0,"href":"https:\/\/www.europesays.com\/se\/wp-json\/wp\/v2\/posts\/27326\/revisions"}],"wp:featuredmedia":[{"embeddable":true,"href":"https:\/\/www.europesays.com\/se\/wp-json\/wp\/v2\/media\/27327"}],"wp:attachment":[{"href":"https:\/\/www.europesays.com\/se\/wp-json\/wp\/v2\/media?parent=27326"}],"wp:term":[{"taxonomy":"category","embeddable":true,"href":"https:\/\/www.europesays.com\/se\/wp-json\/wp\/v2\/categories?post=27326"},{"taxonomy":"post_tag","embeddable":true,"href":"https:\/\/www.europesays.com\/se\/wp-json\/wp\/v2\/tags?post=27326"}],"curies":[{"name":"wp","href":"https:\/\/api.w.org\/{rel}","templated":true}]}}