{"id":273473,"date":"2026-06-12T03:07:39","date_gmt":"2026-06-12T03:07:39","guid":{"rendered":"https:\/\/www.europesays.com\/se\/273473\/"},"modified":"2026-06-12T03:07:39","modified_gmt":"2026-06-12T03:07:39","slug":"kajsa-ekis-ekman-har-fel-nar-hon-sager-att-kulturvanstern-var-kopt-av-cia","status":"publish","type":"post","link":"https:\/\/www.europesays.com\/se\/273473\/","title":{"rendered":"Kajsa Ekis Ekman har fel n\u00e4r hon s\u00e4ger att kulturv\u00e4nstern var k\u00f6pt av CIA"},"content":{"rendered":"<p>Uppdaterad 10 jun 2026 kl 15.49Publicerad 10 jun 2026 kl 13.38<\/p>\n<p>Kajsa Ekis Ekman p\u00e5st\u00e5r att den europeiska kulturv\u00e4nstern var k\u00f6pt av CIA under kalla kriget.\u00a0<\/p>\n<p>Olof B\u00e4rt\u00e5s f\u00f6rbryllas \u00f6ver hennes resonemang som f\u00f6ljer trumpska m\u00f6nster.\u00a0<\/p>\n<p><img   alt=\"\"\/><\/p>\n<p>Kajsa Ekis Ekman har l\u00e4st Gabriel Rockhills bok \u201dWho paid the pipers of western marxism\u201d.<\/p>\n<p>Foto: Joel Nilsson \/ Polaris<\/p>\n<p>\u00d6ppna bild i helsk\u00e4rm<img loading=\"lazy\"   alt=\"\"\/><\/p>\n<p>Olof B\u00e4rt\u00e5s menar att Kajsa Ekis Ekman inte \u00e4r intresserad av filosofihistorien.<\/p>\n<p>Foto: OLLE SPORRONG<\/p>\n<p>\u00d6ppna bild i helsk\u00e4rm<\/p>\n<p><strong>KOMMENTAR. <\/strong>D\u00e4r du hittar en dollar \u2013 d\u00e4r hittar du ocks\u00e5 amerikansk makt.\u00a0<\/p>\n<p>Eller \u00e4r det kapitalism?\u00a0<\/p>\n<p>Det spelar nog ingen roll. F\u00f6r<strong> Kajsa Ekis Ekman<\/strong> har hittat svaret p\u00e5 varf\u00f6r den europeiska v\u00e4nstern \u00e4r v\u00e4rdel\u00f6s. Det g\u00e5r tydligen att l\u00e4sa i <strong>Gabriel Rockhills<\/strong> nyutkomna bok \u201dWho paid the pipers of western marxism\u201d, recenserad i <a href=\"https:\/\/www.aftonbladet.se\/kultur\/bokrecensioner\/a\/Wv69qr\/gabriel-rockhill-who-paid-the-pipers-of-western-marxism\" rel=\"nofollow noopener\" target=\"_blank\">Aftonbladet<\/a> (9\/6). Rockhill driver tesen att m\u00e5nga europeiska v\u00e4nsterintellektuella var k\u00f6pta av <a href=\"https:\/\/www.expressen.se\/tagg\/organization\/cia\/\" class=\"\" rel=\"nofollow noopener\" target=\"_blank\">CIA<\/a>. Genom f\u00f6rlag, tidskrifter och konferenser som finansierade europeiska intellektuellas verksamhet formulerades en rad m\u00e5l fr\u00e5n amerikanskt h\u00e5ll: att eliminera kommunistiskt inflytande, att Europa ska underordnas USA. Och mycket mer.<\/p>\n<p>Ekis Ekman \u00e4r lyrisk \u00f6ver fynden. Boken \u201dbevisar\u201d, som hon skriver, att den \u201dv\u00e4steuropeiska v\u00e4nsterns tankegods i m\u00e5ngt och mycket \u00e4r resultatet av ett enormt p\u00e5verkansarbete fr\u00e5n USA\u201d.\u00a0<\/p>\n<blockquote><p>Hon f\u00f6ljer ett trumpskt credo: alla medel \u00e4r till\u00e5tna f\u00f6r att smutskasta dina fiender.<\/p><\/blockquote>\n<p>Det handlar om allt fr\u00e5n <strong>Max Horkheimer<\/strong>, <strong>Theodor Adorno<\/strong> och <strong>Jacques Derrida<\/strong> till liberaler som <strong>Bertrand Russell<\/strong> och <strong>Hannah Arendt<\/strong>. Mejla mig g\u00e4rna den 1900-talst\u00e4nkare som inte var k\u00f6pt av n\u00e5gon \u2013 s\u00e5 kan jag k\u00f6pa dig en isglass. Enligt samma logik borde vi d\u00f6ma ut <strong>Karl Marx<\/strong> \u201dKapitalet\u201d. Den var ju betald av rikemanspojken <strong>Friedrich Engels<\/strong>. Och s\u00e5 betalar Open AI delar av Ekis Ekmans frilansarvode. Vad ska vi g\u00f6ra av det?<\/p>\n<p>Det finns s\u00e4kert intressanta slutsatser att dra av Rockhills bok. Hans metod att sp\u00e5ra nya ekonomiska n\u00e4tverk kan l\u00e4ra oss n\u00e5got om amerikansk mjuk makt under kalla kriget. I dag \u00e4r det ett viktigt arbete att f\u00f6rst\u00e5 hur alternativmedier finansieras av murkna ekonomiska j\u00e4ttar. Men d\u00e4r en forskare vet att s\u00e4tta gr\u00e4nser f\u00f6r sina anspr\u00e5k, \u00e4r kulturkrigare naivt gr\u00e4nsl\u00f6sa i sina slutsatser. Som historikern <strong>Russell Jacobys<\/strong> beskrev Rockhill i en recension: \u201dmaster of guilt by association, guilt by geography, or guilt by anything at all\u201d (<a href=\"https:\/\/jacobin.com\/2026\/04\/review-rockhill-western-marxism-cold-war\" rel=\"nofollow noopener\" target=\"_blank\">Jacobin<\/a>, 18\/4).\u00a0<\/p>\n<p><img loading=\"lazy\"   alt=\"\"\/><\/p>\n<p>K\u00f6pte CIA den v\u00e4steuropeiska intellektuella eliten under kalla kriget?<\/p>\n<p>Foto: CAROLYN KASTER  \/AP\/TT \/ AP TT NYHETSBYR\u00c5N<\/p>\n<p>\u00d6ppna bild i helsk\u00e4rm<\/p>\n<p>Ekis Ekman g\u00e5r \u00e4nnu l\u00e4ngre och menar att denna \u201dpostmodernism\u201d har \u201dmarginaliserat den v\u00e4steuropeiska v\u00e4nstern\u201d. Hon f\u00f6ljer ett slags trumpskt credo h\u00e4r: alla medel \u00e4r till\u00e5tna f\u00f6r att smutskasta dina fiender. Hennes ideologiska kamp mot vad hon uppfattar som en falsk v\u00e4nster i dag skapar skygglappar s\u00e5 stora att filosofihistorien upph\u00f6r att vara filosofi.\u00a0<\/p>\n<p>M\u00e5nga av de ber\u00f6rda filosoferna var europeiska judar som flydde fr\u00e5n nazismen under andra v\u00e4rldskriget. Att de tog sin tillflykt till \u2013 och v\u00e4lkomnades av \u2013 den kapitalistiska v\u00e4rlden handlade om valet mellan f\u00f6rintelse och \u00f6verlevnad. Arvet de l\u00e4mnar efter sig \u00e4r v\u00e4rt n\u00e5got annat \u00e4n den smutskastning som Aftonbladet Kultur bel\u00f6nar med fem plus p\u00e5 sin betygsskala.<\/p>\n<p>Olof B\u00e4rt\u00e5s \u00e4r vikarierande redakt\u00f6r p\u00e5 Expressens kultursida.<\/p>\n","protected":false},"excerpt":{"rendered":"Uppdaterad 10 jun 2026 kl 15.49Publicerad 10 jun 2026 kl 13.38 Kajsa Ekis Ekman p\u00e5st\u00e5r att den europeiska&hellip;\n","protected":false},"author":2,"featured_media":273474,"comment_status":"","ping_status":"","sticky":false,"template":"","format":"standard","meta":{"footnotes":"","_share_on_mastodon":"0"},"categories":[5],"tags":[22,23,26,27,17,21,24,25,28,29,15,16,3880,5603,3755,23404,13508,18,34,106,31,33,32,30,19,1515,20],"class_list":["post-273473","post","type-post","status-publish","format-standard","has-post-thumbnail","category-rubriker","tag-breaking-news","tag-breakingnews","tag-featured-news","tag-featurednews","tag-headlines","tag-huvudnyheter","tag-latest-news","tag-latestnews","tag-main-news","tag-mainnews","tag-news","tag-nyheter","tag-organization-aftonbladet","tag-organization-cia","tag-organization-expressen-kultur","tag-person-kajsa-ekis-ekman","tag-person-karl-marx","tag-rubriker","tag-se","tag-sections-ide","tag-svenska","tag-sverige","tag-sweden","tag-swedish","tag-top-stories","tag-topic-bokrecensioner","tag-topstories"],"share_on_mastodon":{"url":"https:\/\/pubeurope.com\/@se\/116734934795814335","error":""},"_links":{"self":[{"href":"https:\/\/www.europesays.com\/se\/wp-json\/wp\/v2\/posts\/273473","targetHints":{"allow":["GET"]}}],"collection":[{"href":"https:\/\/www.europesays.com\/se\/wp-json\/wp\/v2\/posts"}],"about":[{"href":"https:\/\/www.europesays.com\/se\/wp-json\/wp\/v2\/types\/post"}],"author":[{"embeddable":true,"href":"https:\/\/www.europesays.com\/se\/wp-json\/wp\/v2\/users\/2"}],"replies":[{"embeddable":true,"href":"https:\/\/www.europesays.com\/se\/wp-json\/wp\/v2\/comments?post=273473"}],"version-history":[{"count":0,"href":"https:\/\/www.europesays.com\/se\/wp-json\/wp\/v2\/posts\/273473\/revisions"}],"wp:featuredmedia":[{"embeddable":true,"href":"https:\/\/www.europesays.com\/se\/wp-json\/wp\/v2\/media\/273474"}],"wp:attachment":[{"href":"https:\/\/www.europesays.com\/se\/wp-json\/wp\/v2\/media?parent=273473"}],"wp:term":[{"taxonomy":"category","embeddable":true,"href":"https:\/\/www.europesays.com\/se\/wp-json\/wp\/v2\/categories?post=273473"},{"taxonomy":"post_tag","embeddable":true,"href":"https:\/\/www.europesays.com\/se\/wp-json\/wp\/v2\/tags?post=273473"}],"curies":[{"name":"wp","href":"https:\/\/api.w.org\/{rel}","templated":true}]}}