{"id":27363,"date":"2025-09-11T11:39:27","date_gmt":"2025-09-11T11:39:27","guid":{"rendered":"https:\/\/www.europesays.com\/se\/27363\/"},"modified":"2025-09-11T11:39:27","modified_gmt":"2025-09-11T11:39:27","slug":"alla-regeringspartier-backar-rekordlagt-stod-for-l","status":"publish","type":"post","link":"https:\/\/www.europesays.com\/se\/27363\/","title":{"rendered":"Alla regeringspartier backar \u2013 rekordl\u00e5gt st\u00f6d f\u00f6r L"},"content":{"rendered":"<p>St\u00f6det sjunker f\u00f6r alla regeringspartier, visar en ny opinionsm\u00e4tning som Indikator har gjort p\u00e5 uppdrag av Ekot. S\u00e4rskilt dystert ser det ut f\u00f6r Liberalerna, som med sina 2,1 procent har rekordl\u00e5gt st\u00f6d.<\/p>\n<p>Enligt unders\u00f6kningen leder det r\u00f6dgr\u00f6na blocket nu med omkring tio procentenheter framf\u00f6r tid\u00f6partierna, d\u00e4r Sverigedemokraterna nu \u00e4r statistiskt s\u00e4kerst\u00e4llt st\u00f6rsta parti.<\/p>\n<p>Bland Tid\u00f6v\u00e4ljare \u00e4r det nu lika m\u00e5nga som uppger att de vill se Jimmie \u00c5kesson som statsminister som Ulf Kristersson.<\/p>\n<p>Om v\u00e4ljarbarometern fr\u00e5n Indikator Opinion<\/p>\n<p>Medarbetarna p\u00e5 Indikator Opinion \u00e4r skolade p\u00e5 det Svenska Valforskningsprogrammet vid G\u00f6teborgs universitet. Institutet betonar att deras opinionsm\u00e4tningar uteslutande bygger p\u00e5 \u201dbepr\u00f6vade vetenskapliga metoder\u201d.<\/p>\n<p>I opinionsm\u00e4tningen anv\u00e4nds enbart slumpen som urval. Fr\u00e5gan som st\u00e4lls \u00e4r \u201dHur skulle du r\u00f6sta om det var val i\u202fdag?\u201d Om personen inte kan eller vill svara p\u00e5 fr\u00e5gan st\u00e4lls f\u00f6ljdfr\u00e5gan \u201dVilket parti tycker du b\u00e4st om?\u201d M\u00e4tningens resultat viktas mot offentlig statistik g\u00e4llande k\u00f6n, \u00e5lder och partival fr\u00e5n riksdagsvalet 2022.<\/p>\n<p>Sveriges Radios Ekot anv\u00e4nder sig av Indikator Opinions m\u00e4tningar sedan 2023.<\/p>\n<p><a target=\"_blank\" rel=\"noreferrer nofollow noopener\" href=\"https:\/\/www.indikator.org\/opinion-sr\/\" class=\"Text_externalLink__zdh8y\">L\u00e4s mer \u2013&gt;<\/a><\/p>\n<p>Omni \u00e4r politiskt obundna och oberoende. Vi str\u00e4var efter att ge fler perspektiv p\u00e5 nyheterna. Har du fr\u00e5gor eller synpunkter kring v\u00e5r rapportering? <a href=\"https:\/\/omni.se\/alla-regeringspartier-backar-rekordlagt-stod-for-l\/a\/mailto:redaktion@omni.se\" class=\"ArticleActions_contactLink__W2F1M\" rel=\"nofollow noopener\" target=\"_blank\">Kontakta redaktionen<\/a><\/p>\n","protected":false},"excerpt":{"rendered":"St\u00f6det sjunker f\u00f6r alla regeringspartier, visar en ny opinionsm\u00e4tning som Indikator har gjort p\u00e5 uppdrag av Ekot. S\u00e4rskilt&hellip;\n","protected":false},"author":2,"featured_media":27364,"comment_status":"","ping_status":"","sticky":false,"template":"","format":"standard","meta":{"footnotes":""},"categories":[12],"tags":[22,23,1983,26,27,17,21,1107,24,25,639,28,29,1234,551,15,16,1982,369,18,34,1557,31,33,617,32,30,19,20,1406],"class_list":{"0":"post-27363","1":"post","2":"type-post","3":"status-publish","4":"format-standard","5":"has-post-thumbnail","7":"category-sverige","8":"tag-breaking-news","9":"tag-breakingnews","10":"tag-centerpartiet","11":"tag-featured-news","12":"tag-featurednews","13":"tag-headlines","14":"tag-huvudnyheter","15":"tag-kristdemokraterna","16":"tag-latest-news","17":"tag-latestnews","18":"tag-liberalerna","19":"tag-main-news","20":"tag-mainnews","21":"tag-miljopartiet","22":"tag-moderaterna","23":"tag-news","24":"tag-nyheter","25":"tag-opinionsundersokningar","26":"tag-politik","27":"tag-rubriker","28":"tag-se","29":"tag-socialdemokraterna","30":"tag-svenska","31":"tag-sverige","32":"tag-sverigedemokraterna","33":"tag-sweden","34":"tag-swedish","35":"tag-top-stories","36":"tag-topstories","37":"tag-vansterpartiet"},"share_on_mastodon":{"url":"","error":""},"_links":{"self":[{"href":"https:\/\/www.europesays.com\/se\/wp-json\/wp\/v2\/posts\/27363","targetHints":{"allow":["GET"]}}],"collection":[{"href":"https:\/\/www.europesays.com\/se\/wp-json\/wp\/v2\/posts"}],"about":[{"href":"https:\/\/www.europesays.com\/se\/wp-json\/wp\/v2\/types\/post"}],"author":[{"embeddable":true,"href":"https:\/\/www.europesays.com\/se\/wp-json\/wp\/v2\/users\/2"}],"replies":[{"embeddable":true,"href":"https:\/\/www.europesays.com\/se\/wp-json\/wp\/v2\/comments?post=27363"}],"version-history":[{"count":0,"href":"https:\/\/www.europesays.com\/se\/wp-json\/wp\/v2\/posts\/27363\/revisions"}],"wp:featuredmedia":[{"embeddable":true,"href":"https:\/\/www.europesays.com\/se\/wp-json\/wp\/v2\/media\/27364"}],"wp:attachment":[{"href":"https:\/\/www.europesays.com\/se\/wp-json\/wp\/v2\/media?parent=27363"}],"wp:term":[{"taxonomy":"category","embeddable":true,"href":"https:\/\/www.europesays.com\/se\/wp-json\/wp\/v2\/categories?post=27363"},{"taxonomy":"post_tag","embeddable":true,"href":"https:\/\/www.europesays.com\/se\/wp-json\/wp\/v2\/tags?post=27363"}],"curies":[{"name":"wp","href":"https:\/\/api.w.org\/{rel}","templated":true}]}}