{"id":27379,"date":"2025-09-11T11:50:08","date_gmt":"2025-09-11T11:50:08","guid":{"rendered":"https:\/\/www.europesays.com\/se\/27379\/"},"modified":"2025-09-11T11:50:08","modified_gmt":"2025-09-11T11:50:08","slug":"kylian-mbappe-om-valdtaktsutredningen-sarade-mig-fotboll","status":"publish","type":"post","link":"https:\/\/www.europesays.com\/se\/27379\/","title":{"rendered":"Kylian Mbapp\u00e9 om v\u00e5ldt\u00e4ktsutredningen: \u201dS\u00e5rade mig\u201d | Fotboll"},"content":{"rendered":"<p>Kylian Mbapp\u00e9 anklagades f\u00f6r v\u00e5ldt\u00e4kt under ett bes\u00f6k i Stockholm f\u00f6rra \u00e5ret.<\/p>\n<p>F\u00f6runders\u00f6kningen lades dock ner \u2013 och nu uttalar sig fotbollsstj\u00e4rnan om h\u00e4ndelsen.<\/p>\n<p>\u2013 Jag var inte ens orolig. Det var bara sorgligt att se hur alla kastade sig \u00f6ver fallet som om det vore en k\u00f6ttbit, s\u00e4ger han till <a href=\"https:\/\/www.lequipe.fr\/Football\/Article\/Grand-recit-kylian-mbappe-si-je-n-avais-pas-cette-passion-le-monde-du-football-m-aurait-degoute-depuis-longtemps\/1591757\" rel=\"nofollow noopener\" target=\"_blank\">L&#8217;\u00c9quipe<\/a>.<\/p>\n<p><img   alt=\"\"\/><\/p>\n<p>Franske superstj\u00e4rnan Kylian Mbapp\u00e9.<\/p>\n<p>Foto: WILLIAM VOLCOV\/SHUTTERSTOCK \/ SHUTTERSTOCK EDITORIAL\/IBL<\/p>\n<p>\u00d6ppna bild i helsk\u00e4rm<img loading=\"lazy\"   alt=\"\"\/><\/p>\n<p>Kylian Mbapp\u00e9 under bes\u00f6ket i Stockholm.<\/p>\n<p>Foto: LARS H\u00d6GLUND \/ EYEWITNESS PICTURES<\/p>\n<p>\u00d6ppna bild i helsk\u00e4rm<\/p>\n<p>Det var i oktober f\u00f6rra \u00e5ret som Stockholmspolisen inledde en utredning om v\u00e5ldt\u00e4kt och sexuellt ofredande, med fotbollsstj\u00e4rnan <a href=\"https:\/\/www.expressen.se\/tagg\/person\/kylian-mbappe\/\" class=\"\" rel=\"nofollow noopener\" target=\"_blank\">Kylian Mbapp\u00e9<\/a> som sk\u00e4ligen misst\u00e4nkt.\u00a0<\/p>\n<p>Mbapp\u00e9 slog tillbaka mot anklagelsen t\u00e4mligen omg\u00e5ende.\u00a0<\/p>\n<p>\u201dFake news\u201d, <a href=\"https:\/\/www.expressen.se\/sport\/fotboll\/polis-utreder-valdtakt-efter-mbappe-besok\/\" rel=\"nofollow noopener\" target=\"_blank\">skrev han p\u00e5 X.<\/a>\u00a0<\/p>\n<p>Kvinnans ord i polisf\u00f6rh\u00f6ret<\/p>\n<p><a href=\"https:\/\/www.expressen.se\/sport\/kylian-mbappe-utredningen-kvinnans-ord-i-forhor\/\" rel=\"nofollow noopener\" target=\"_blank\">I polisf\u00f6rh\u00f6r som Expressen<\/a> tog del av ber\u00e4ttade kvinnan hur hon efter att ha festat med fotbollsstj\u00e4rnan p\u00e5 nattklubben V p\u00e5 Stureplan f\u00f6ljde med till hans svit p\u00e5 Bank Hotel, tillsammans med fem andra kvinnor. Hon s\u00e4ger att det d\u00e4r spelades musik, att hon dansade med Mbapp\u00e9 och att de tv\u00e5 kysstes.<\/p>\n<p>N\u00e4r hon sedan gick p\u00e5 toaletten ska hon ha hamnat ensam med Mbapp\u00e9 i badrummet. Kvinnans detaljerade ber\u00e4ttelse om vad som h\u00e4nde d\u00e4r var det som fick polisen att utreda v\u00e5ldt\u00e4kt.\u00a0<\/p>\n<p>I f\u00f6rh\u00f6ret s\u00e4ger hon att hon var tydlig med att s\u00e4ga nej och att f\u00f6rloppet p\u00e5gick i n\u00e5gra minuter innan fotbollsstj\u00e4rnan l\u00e4mnade badrummet. \u00a0<\/p>\n<p>\u2013 Jag bara tyckte att det var s\u00e5 \u00e4ckligt, allts\u00e5 jag k\u00e4nde mig \u00e4cklig och allt var bara \u00e4ckligt liksom, sa kvinnan i f\u00f6rh\u00f6ret.<\/p>\n<p><a href=\"https:\/\/www.expressen.se\/sport\/fotboll\/misstankta-valdtakten-laggs-ner\/\" rel=\"nofollow noopener\" target=\"_blank\">I december lades f\u00f6runders\u00f6kningen ner.<\/a> Anledning var brist p\u00e5 bevis och att kvinnan i fr\u00e5ga inte l\u00e4ngre ville medverka i utredningen.\u00a0<\/p>\n<p>Mbapp\u00e9: \u201dDet s\u00e5rade mig\u201d<\/p>\n<p>I en ny intervju i L&#8217;\u00c9quipe ber\u00e4ttar Kylian Mbapp\u00e9 nu mer om hur han upplevde det hela.\u00a0<\/p>\n<p>\u2013 Jag var inte ens orolig. Det var bara sorgligt att se hur alla kastade sig \u00f6ver fallet som om det vore en k\u00f6ttbit, n\u00e4r det var ett s\u00e5 pass allvarligt \u00e4rende. Det h\u00e4nder tyv\u00e4rr alldeles f\u00f6r m\u00e5nga kvinnor tyv\u00e4rr, och folk kastar sig \u00f6ver rubriker och artiklar, <a href=\"https:\/\/www.lequipe.fr\/Football\/Article\/Grand-recit-kylian-mbappe-si-je-n-avais-pas-cette-passion-le-monde-du-football-m-aurait-degoute-depuis-longtemps\/1591757\" rel=\"nofollow noopener\" target=\"_blank\">s\u00e4ger han till den franska tidningen<\/a>.\u00a0<\/p>\n<p>\u2013 Ingen tog sin tid f\u00f6r att fr\u00e5ga vad som h\u00e4nde med det potentiella offret. N\u00e4r alla s\u00e5g att jag inte var involverad i den h\u00e4r storyn, vad h\u00e4nde d\u00e5? Hon har hamnat p\u00e5 botten, ingen vet var hon \u00e4r och ingen bryr sig om henne. Det \u00e4r ett k\u00e4nsligt \u00e4mne och det har gjort mig ledsen.<\/p>\n<p>Mbapp\u00e9 s\u00e4ger att r\u00e4ttsprocessen p\u00e5verkade b\u00e5de honom och m\u00e4nniskor i hans n\u00e4rhet.<\/p>\n<p>\u2013 Jag visste redan fr\u00e5n b\u00f6rjan att det skulle g\u00e5 bra, men det \u00e4r komplicerat. Inte minst f\u00f6r personerna som st\u00e5r dig n\u00e4rmast, och framf\u00f6r allt f\u00f6r kvinnorna. Man kan se p\u00e5 andra m\u00e4nniskor att de t\u00e4nker: \u201dT\u00e4nk om det \u00e4r en procents risk att han gjort n\u00e5gonting?\u201d. Det s\u00e5rade mig.<\/p>\n","protected":false},"excerpt":{"rendered":"Kylian Mbapp\u00e9 anklagades f\u00f6r v\u00e5ldt\u00e4kt under ett bes\u00f6k i Stockholm f\u00f6rra \u00e5ret. F\u00f6runders\u00f6kningen lades dock ner \u2013 och&hellip;\n","protected":false},"author":2,"featured_media":27380,"comment_status":"","ping_status":"","sticky":false,"template":"","format":"standard","meta":{"footnotes":""},"categories":[68],"tags":[3154,3153,3152,34,129,111,110,31,33,32,30],"class_list":{"0":"post-27379","1":"post","2":"type-post","3":"status-publish","4":"format-standard","5":"has-post-thumbnail","7":"category-sport","8":"tag-newsstory-mbappe-i-stockholm","9":"tag-organization-real-madrid","10":"tag-person-kylian-mbappe","11":"tag-se","12":"tag-sections-fotboll","13":"tag-sport","14":"tag-sports","15":"tag-svenska","16":"tag-sverige","17":"tag-sweden","18":"tag-swedish"},"share_on_mastodon":{"url":"","error":""},"_links":{"self":[{"href":"https:\/\/www.europesays.com\/se\/wp-json\/wp\/v2\/posts\/27379","targetHints":{"allow":["GET"]}}],"collection":[{"href":"https:\/\/www.europesays.com\/se\/wp-json\/wp\/v2\/posts"}],"about":[{"href":"https:\/\/www.europesays.com\/se\/wp-json\/wp\/v2\/types\/post"}],"author":[{"embeddable":true,"href":"https:\/\/www.europesays.com\/se\/wp-json\/wp\/v2\/users\/2"}],"replies":[{"embeddable":true,"href":"https:\/\/www.europesays.com\/se\/wp-json\/wp\/v2\/comments?post=27379"}],"version-history":[{"count":0,"href":"https:\/\/www.europesays.com\/se\/wp-json\/wp\/v2\/posts\/27379\/revisions"}],"wp:featuredmedia":[{"embeddable":true,"href":"https:\/\/www.europesays.com\/se\/wp-json\/wp\/v2\/media\/27380"}],"wp:attachment":[{"href":"https:\/\/www.europesays.com\/se\/wp-json\/wp\/v2\/media?parent=27379"}],"wp:term":[{"taxonomy":"category","embeddable":true,"href":"https:\/\/www.europesays.com\/se\/wp-json\/wp\/v2\/categories?post=27379"},{"taxonomy":"post_tag","embeddable":true,"href":"https:\/\/www.europesays.com\/se\/wp-json\/wp\/v2\/tags?post=27379"}],"curies":[{"name":"wp","href":"https:\/\/api.w.org\/{rel}","templated":true}]}}