{"id":27454,"date":"2025-09-11T13:29:12","date_gmt":"2025-09-11T13:29:12","guid":{"rendered":"https:\/\/www.europesays.com\/se\/27454\/"},"modified":"2025-09-11T13:29:12","modified_gmt":"2025-09-11T13:29:12","slug":"ny-matning-sd-hittills-opaverkat-av-stegruds-utspel-omni","status":"publish","type":"post","link":"https:\/\/www.europesays.com\/se\/27454\/","title":{"rendered":"Ny m\u00e4tning: SD hittills op\u00e5verkat av Stegruds utspel &#8211; Omni"},"content":{"rendered":"<ol>\n<li><a href=\"https:\/\/news.google.com\/rss\/articles\/CBMigAFBVV95cUxNeVg5QXZkSm9QTURwYWFyRG45NTE0YXR5Rnp2RGg0czU5REJ0VER3S1ZjVkc1eXdpYkNOMVJnQWg5WHMzX1pUZTFRMS1TMDlKdVNBMFZMc2g3U3lsLVV3RnB0UFdlSldjN1FhV1lmTXY5TDRGUUtVQTBJSkIwekxRRQ?oc=5\" target=\"_blank\" rel=\"nofollow noopener\">Ny m\u00e4tning: SD hittills op\u00e5verkat av Stegruds utspel<\/a>&nbsp;&nbsp;Omni<\/li>\n<li><a href=\"https:\/\/news.google.com\/rss\/articles\/CBMijgFBVV95cUxOTEFSRE9oSmdpMHpKZDNxOEhFVEdERzYzZlVUQmY3TUgzN05xQkpMTjB5SmthSlltWEdpWlVEMWxmcmdfOFlSUXZVZ0F0aElScFZnZGFyLTFwdzF4aUJoaVM4R3pwelg2NTZkby1heEgzTmZiQkF6X0luaTRCSFdzdWVDMlJiNElWaVlpYUVn?oc=5\" target=\"_blank\" rel=\"nofollow noopener\">SVT\/Verian: Fortsatt medvind f\u00f6r Sverigedemokraterna<\/a>&nbsp;&nbsp;SVT Nyheter<\/li>\n<li><a href=\"https:\/\/news.google.com\/rss\/articles\/CBMihwFBVV95cUxQSVZnYTNWeFZPY1dOckFPQVVmSlF2WHRsUnBpamp2MTVWaEI4cmp4b0hadmJrQkhRSFVsX1FuNUVLS3BIelpTTk1XOVlnbGwzanBCWjZKeUxXWlpGaGt2YTZRcnNONnQ4Z2J0SkpraEJJVktRVWZxa2N0Z3ZvVGc4SXFmOVBzNHM?oc=5\" target=\"_blank\" rel=\"nofollow noopener\">SD forts\u00e4tter v\u00e4xa \u2013 n\u00e4st st\u00f6rsta parti<\/a>&nbsp;&nbsp;Expressen<\/li>\n<li><a href=\"https:\/\/news.google.com\/rss\/articles\/CBMifEFVX3lxTFAwbGxrWVd6VzltRDYwbEw4dTBHbjRDQ09FNFFKbDVLT1RLXzd2WExjaEJIZ25EQjRKSkhfV3hPWmx1TkdvR3ZkaGFJZUE0WFZhanRaVVAxTkRfT0EwUVpxRkdPTk9xUDRZQkNNZUlMSEx0LXMyam5ueE54LUo?oc=5\" target=\"_blank\" rel=\"nofollow noopener\">SD forts\u00e4tter att g\u00e5 fram\u00e5t i opinionen<\/a>&nbsp;&nbsp;Svenska Epoch Times<\/li>\n<li><a href=\"https:\/\/news.google.com\/rss\/articles\/CBMic0FVX3lxTE4weGpnSkRzXzktMEFDYkR2dllreWRvNDl0eE9weXphOVFMZHp4aktlbm9GUXNKODJUQTRSVkxLQlFyTFFTMERNTW5CLXNIVjRqUWZxMU5mcTFtYXh0UnJ5UlRnVl9ONllTNFdvLW9UeXBYTkU?oc=5\" target=\"_blank\" rel=\"nofollow noopener\">SVT\/Verian: SD st\u00f6rst efter Socialdemokraterna<\/a>&nbsp;&nbsp;Bulletin<\/li>\n<\/ol>\n","protected":false},"excerpt":{"rendered":"Ny m\u00e4tning: SD hittills op\u00e5verkat av Stegruds utspel&nbsp;&nbsp;Omni SVT\/Verian: Fortsatt medvind f\u00f6r Sverigedemokraterna&nbsp;&nbsp;SVT Nyheter SD forts\u00e4tter v\u00e4xa \u2013&hellip;\n","protected":false},"author":2,"featured_media":27455,"comment_status":"","ping_status":"","sticky":false,"template":"","format":"standard","meta":{"footnotes":""},"categories":[12],"tags":[22,23,26,27,17,21,2871,24,25,28,29,15,16,1982,369,18,34,31,33,617,32,30,19,20],"class_list":{"0":"post-27454","1":"post","2":"type-post","3":"status-publish","4":"format-standard","5":"has-post-thumbnail","7":"category-sverige","8":"tag-breaking-news","9":"tag-breakingnews","10":"tag-featured-news","11":"tag-featurednews","12":"tag-headlines","13":"tag-huvudnyheter","14":"tag-jessica-stegrud","15":"tag-latest-news","16":"tag-latestnews","17":"tag-main-news","18":"tag-mainnews","19":"tag-news","20":"tag-nyheter","21":"tag-opinionsundersokningar","22":"tag-politik","23":"tag-rubriker","24":"tag-se","25":"tag-svenska","26":"tag-sverige","27":"tag-sverigedemokraterna","28":"tag-sweden","29":"tag-swedish","30":"tag-top-stories","31":"tag-topstories"},"share_on_mastodon":{"url":"","error":""},"_links":{"self":[{"href":"https:\/\/www.europesays.com\/se\/wp-json\/wp\/v2\/posts\/27454","targetHints":{"allow":["GET"]}}],"collection":[{"href":"https:\/\/www.europesays.com\/se\/wp-json\/wp\/v2\/posts"}],"about":[{"href":"https:\/\/www.europesays.com\/se\/wp-json\/wp\/v2\/types\/post"}],"author":[{"embeddable":true,"href":"https:\/\/www.europesays.com\/se\/wp-json\/wp\/v2\/users\/2"}],"replies":[{"embeddable":true,"href":"https:\/\/www.europesays.com\/se\/wp-json\/wp\/v2\/comments?post=27454"}],"version-history":[{"count":0,"href":"https:\/\/www.europesays.com\/se\/wp-json\/wp\/v2\/posts\/27454\/revisions"}],"wp:featuredmedia":[{"embeddable":true,"href":"https:\/\/www.europesays.com\/se\/wp-json\/wp\/v2\/media\/27455"}],"wp:attachment":[{"href":"https:\/\/www.europesays.com\/se\/wp-json\/wp\/v2\/media?parent=27454"}],"wp:term":[{"taxonomy":"category","embeddable":true,"href":"https:\/\/www.europesays.com\/se\/wp-json\/wp\/v2\/categories?post=27454"},{"taxonomy":"post_tag","embeddable":true,"href":"https:\/\/www.europesays.com\/se\/wp-json\/wp\/v2\/tags?post=27454"}],"curies":[{"name":"wp","href":"https:\/\/api.w.org\/{rel}","templated":true}]}}