{"id":275119,"date":"2026-06-13T18:45:10","date_gmt":"2026-06-13T18:45:10","guid":{"rendered":"https:\/\/www.europesays.com\/se\/275119\/"},"modified":"2026-06-13T18:45:10","modified_gmt":"2026-06-13T18:45:10","slug":"tyra-banks-stammer-netflix-efter-dokumentar-om-americas-next-top-model","status":"publish","type":"post","link":"https:\/\/www.europesays.com\/se\/275119\/","title":{"rendered":"Tyra Banks st\u00e4mmer Netflix efter dokument\u00e4r om \u201dAmerica&#8217;s next top model\u201d"},"content":{"rendered":"<p>Uppdaterad 13 jun 2026 kl 19.53Publicerad 13 jun 2026 kl 19.31<\/p>\n<p>Tyra Banks st\u00e4mmer Netflix f\u00f6r f\u00f6rtal efter dokument\u00e4ren om \u201dAmerica\u2019s next top model, skriver <a href=\"https:\/\/www.tmz.com\/2026\/06\/13\/tyra-banks-sues-netflix-for-defamation\/\" rel=\"nofollow noopener\" target=\"_blank\">TMZ<\/a>.\u00a0<\/p>\n<p>I st\u00e4mningsans\u00f6kan h\u00e4vdar supermodellen att streamingj\u00e4tten enbart anv\u00e4nt 16 minuter av hennes mer \u00e4n tre timmar l\u00e5nga intervju \u2013 f\u00f6r att smutskasta henne.<\/p>\n<p><img   alt=\"\"\/><\/p>\n<p>Tyra Banks st\u00e4mmer Netflix.<\/p>\n<p>Foto: VICTORIO\/SHUTTERSTOCK \/ SHUTTERSTOCK EDITORIAL\/IBL<\/p>\n<p>\u00d6ppna bild i helsk\u00e4rm<img loading=\"lazy\"   alt=\"\"\/><\/p>\n<p>Hon anser att streamingj\u00e4tten gjort sig skyldig till f\u00f6rtal efter dokument\u00e4ren om \u201dAmerica&#8217;s next top model\u201d.<\/p>\n<p>Foto: Mathieu Young \/ Everett Collection\/IBL<\/p>\n<p>\u00d6ppna bild i helsk\u00e4rm<\/p>\n<p>St\u00e4mningen, som TMZ har tagit del av, riktar ocks\u00e5 kritik mot klippningen.\u00a0<\/p>\n<p>Enligt TMZ anklagar <a href=\"https:\/\/www.expressen.se\/tagg\/person\/tyra-banks\/\" class=\"\" rel=\"nofollow noopener\" target=\"_blank\">Tyra Banks<\/a> Netflix f\u00f6r att genom selektiv redigering och utel\u00e4mnande av sammanhang ha gett en missvisande bild av hennes medverkan i \u201dReality check: Inside america&#8217;s next top model\u201d.<\/p>\n<p>I underlaget h\u00e4vdar supermodellen att producenterna manipulerat materialet f\u00f6r att styra ber\u00e4ttelsen om henne. D\u00e4r ska det bland annat ha handlat om att hon framst\u00e4lldes som n\u00e5gon som medvetet l\u00e4t en t\u00e4vlande uts\u00e4ttas f\u00f6r sexuella \u00f6vergrepp och utnyttjade deltagarens trauma f\u00f6r tittarsiffror.<\/p>\n<p>Det handlar om Shandi Sullivan, som var med i s\u00e4song tv\u00e5 av \u201dAmerica&#8217;s next top model\u201d. TMZ skriver att Sullivan tidigare har kritiserat produktionens hantering av det sexuella \u00f6vergreppet, och att det i dokument\u00e4ren framst\u00e4lldes som en otrohetshistoria.<\/p>\n<p>Tyra Banks s\u00e4ger i dokument\u00e4ren:<\/p>\n<p>\u2013 Det \u00e4r lite sv\u00e5rt f\u00f6r mig att tala om produktionen eftersom det inte \u00e4r mitt omr\u00e5de.<\/p>\n<p>I st\u00e4mningen sl\u00e5r hon tillbaka mot hur hon framst\u00e4lls i serien och h\u00e4vdar att Netflix d\u00e4rmed f\u00f6rs\u00f6ker \u201dst\u00f6dja en falsk och f\u00f6rtalsaktig ber\u00e4ttelse\u201d, enligt TMZ.\u00a0<\/p>\n<p>Netflix har enligt samma k\u00e4lla inte kommenterat saken.<\/p>\n","protected":false},"excerpt":{"rendered":"Uppdaterad 13 jun 2026 kl 19.53Publicerad 13 jun 2026 kl 19.31 Tyra Banks st\u00e4mmer Netflix f\u00f6r f\u00f6rtal efter&hellip;\n","protected":false},"author":2,"featured_media":275120,"comment_status":"","ping_status":"","sticky":false,"template":"","format":"standard","meta":{"footnotes":"","_share_on_mastodon":"0"},"categories":[67],"tags":[104,440,1839,23772,34,645,31,33,32,30,218,105],"class_list":["post-275119","post","type-post","status-publish","format-standard","has-post-thumbnail","category-underhallning","tag-entertainment","tag-function-unga","tag-organization-netflix","tag-person-tyra-banks","tag-se","tag-sections-tv","tag-svenska","tag-sverige","tag-sweden","tag-swedish","tag-topic-realityprogram","tag-underhallning"],"share_on_mastodon":{"url":"https:\/\/pubeurope.com\/@se\/116744285517802883","error":""},"_links":{"self":[{"href":"https:\/\/www.europesays.com\/se\/wp-json\/wp\/v2\/posts\/275119","targetHints":{"allow":["GET"]}}],"collection":[{"href":"https:\/\/www.europesays.com\/se\/wp-json\/wp\/v2\/posts"}],"about":[{"href":"https:\/\/www.europesays.com\/se\/wp-json\/wp\/v2\/types\/post"}],"author":[{"embeddable":true,"href":"https:\/\/www.europesays.com\/se\/wp-json\/wp\/v2\/users\/2"}],"replies":[{"embeddable":true,"href":"https:\/\/www.europesays.com\/se\/wp-json\/wp\/v2\/comments?post=275119"}],"version-history":[{"count":0,"href":"https:\/\/www.europesays.com\/se\/wp-json\/wp\/v2\/posts\/275119\/revisions"}],"wp:featuredmedia":[{"embeddable":true,"href":"https:\/\/www.europesays.com\/se\/wp-json\/wp\/v2\/media\/275120"}],"wp:attachment":[{"href":"https:\/\/www.europesays.com\/se\/wp-json\/wp\/v2\/media?parent=275119"}],"wp:term":[{"taxonomy":"category","embeddable":true,"href":"https:\/\/www.europesays.com\/se\/wp-json\/wp\/v2\/categories?post=275119"},{"taxonomy":"post_tag","embeddable":true,"href":"https:\/\/www.europesays.com\/se\/wp-json\/wp\/v2\/tags?post=275119"}],"curies":[{"name":"wp","href":"https:\/\/api.w.org\/{rel}","templated":true}]}}