{"id":27518,"date":"2025-09-11T14:54:13","date_gmt":"2025-09-11T14:54:13","guid":{"rendered":"https:\/\/www.europesays.com\/se\/27518\/"},"modified":"2025-09-11T14:54:13","modified_gmt":"2025-09-11T14:54:13","slug":"fortroendekapitalet-for-svff-har-rasat-ihop","status":"publish","type":"post","link":"https:\/\/www.europesays.com\/se\/27518\/","title":{"rendered":"F\u00f6rtroendekapitalet f\u00f6r SvFF har rasat ihop"},"content":{"rendered":"<p>Svenska fotbollf\u00f6rbundet har ett allvarligt trov\u00e4rdighetsproblem.<\/p>\n<p>Det \u00e4r h\u00f6g tid f\u00f6r det att \u00e5tg\u00e4rdas.<\/p>\n<p>Inspirationsinl\u00e4gg om hopp, handh\u00e5llning och branta backar har motsatt effekt.<\/p>\n<p>Isak om hatet: \u201dTyv\u00e4rr n\u00e5got man f\u00e5r leva med\u201d<\/p>\n<p>Detta \u00e4r en kr\u00f6nika. Analys och st\u00e4llningstaganden \u00e4r skribentens.<\/p>\n<p><img   alt=\"\"\/>\u00d6ppna bild i helsk\u00e4rm<img   alt=\"\"\/>Noa Bachner<\/p>\n<p>\u201dNi b\u00e4r oss fram\u00e5t \u2013 och nu reser vi oss tillsammans, f\u00f6r Sverige\u201d.<\/p>\n<p>S\u00e5 inleddes budskapet som <a href=\"https:\/\/www.expressen.se\/tagg\/organization\/svenska-fotbollforbundet\/\" class=\"\" rel=\"nofollow noopener\" target=\"_blank\">Svenska fotbollf\u00f6rbundet<\/a> skickade ut i sociala medier efter att en flodv\u00e5g av ilska sk\u00f6ljt \u00f6ver den hiskeliga prestationen i Kosovo.<\/p>\n<p>N\u00e5gon speciellt lyckad diplomatisk insats blev det inte.\u00a0<\/p>\n<p>Till och med experter p\u00e5 krishantering skakade p\u00e5 huvudet. Och det \u00e4r klart: F\u00f6rutom att p\u00e5minna om SVT:s genanta \u201dS\u00e5 bra k\u00e4mpat, vi \u00e4lskar er!\u201d-h\u00e4lsning till Peter Gerhardssons landslag efter VM-utt\u00e5get mot Spanien 2023 skapade hela textstycket ett konstigt intryck.\u00a0<\/p>\n<p>Som l\u00e4sare fick man intryck av att hela Sverige har ett gemensamt ansvar f\u00f6r den d\u00e5liga inledningen p\u00e5 VM-kvalet, och att chanserna till spel n\u00e4sta sommar h\u00e4nger p\u00e5 spelarnas, publikens och tv-tittarnas f\u00f6rm\u00e5ga till resning. Men bortasektionen ligger inte golvad i Pristina. Det var inte den som stod tolv meter in p\u00e5 Kosovos planhalva n\u00e4r deras fj\u00e4rde fril\u00e4ge \u00e4gde rum. Och det var inte tv-tittarna som f\u00f6rlorade mot Luxemburg tidigare i \u00e5r.<\/p>\n<p>Att en expert p\u00e5 krishantering uttalar sig ringar ocks\u00e5 in situationen. Krishantering \u00e4ger rum n\u00e4r det \u00e4r kris. Och det \u00e4r kris. Igen. Om det ens r\u00f6r sig om olika kriser.\u00a0<\/p>\n<p>Landslaget \u00e4r inne p\u00e5 sitt fj\u00e4rde \u00e5r av samma stressiga atmosf\u00e4r.<\/p>\n<blockquote><p>Janne Andersson hade sjukdomsinsikt<\/p><\/blockquote>\n<p>Det \u00e4r d\u00e4rf\u00f6r h\u00f6g tid att fundera p\u00e5 sk\u00e4len till att m\u00e5ndagens f\u00f6rlust i Pristina har utl\u00f6st en s\u00e5dan orkan av irritation.\u00a0<\/p>\n<p>Min bild \u00e4r att det inte bara handlar om en match, utan ett trov\u00e4rdighetsproblem. Det som st\u00e4rks av insatsen i Pristina \u2013 och beslutet att skicka ut en gl\u00e4ttig v\u00e4djan om mer hoppfull inst\u00e4llning fram\u00f6ver \u2013 \u00e4r bilden av en organisation som inte riktigt vet vad den sysslar med.\u00a0<\/p>\n<p>Herrlandslagets trendlinje pekar ned\u00e5t sedan 2021. F\u00f6rs\u00f6ken att v\u00e4nda trenden misslyckas g\u00e5ng p\u00e5 g\u00e5ng. I korta perioder har tendenser till f\u00f6rb\u00e4ttring g\u00e5tt att sk\u00f6nja, men efter det sn\u00f6pliga utt\u00e5get mot Ukraina i Glasgow har problemen mer eller mindre avl\u00f6st varandra.<\/p>\n<p><img loading=\"lazy\"   alt=\"\"\/><\/p>\n<p>Ukraina slog ut Sverige ur EM 2021.<\/p>\n<p>Foto: LUDVIG THUNMAN \/ BILDBYR\u00c5N<\/p>\n<p>\u00d6ppna bild i helsk\u00e4rm<\/p>\n<p>Janne Anderssons ledarstab gjorde flera f\u00f6rs\u00f6k att f\u00f6rnya spels\u00e4ttet, men tappade \u00e4nd\u00e5 mark.\u00a0<\/p>\n<p>F\u00f6rst genom att ramla ur A-divisionen i Nations League. Sedan med det misslyckade kvalspelet till VM 2022, d\u00e4r f\u00f6rlusterna mot Grekland och Georgien stack i \u00f6gonen. Samtidigt f\u00f6ddes bilden av att spelarnas b\u00e4sta egenskaper h\u00f6lls tillbaka av den spelm\u00e4ssiga ansatsen. Ropen p\u00e5 ett ordentligt omtag blev h\u00f6gre.\u00a0<\/p>\n<p>Andersson hade f\u00f6rm\u00e5ga till sjukdomsinsikt. Han gjorde egentligen r\u00e4tt analys av l\u00e4get och lanserade ett nytt spels\u00e4tt, men hade sv\u00e5rt att finna sig till r\u00e4tta i det, speciellt med en skadekris i bakgrunden. F\u00f6rflyttningen slutade med en ny nedflyttning i Nations League, en m\u00f6rk sistaplats bakom Norge, Slovenien och Serbien och bara en seger p\u00e5 sex matcher.<\/p>\n<p>Annons<\/p>\n<p>Sedan dess har ett besv\u00e4rligt glapp vuxit fram runt herrlandslaget.\u00a0<\/p>\n<p>De allra flesta ser en underprestation utan slut. Spelarna borde kunna prestera b\u00e4ttre och n\u00e5 b\u00e4ttre resultat \u00e4n vad de g\u00f6r. Men \u00e5tg\u00e4rderna f\u00f6r att reparera det hela lyser med sin fr\u00e5nvaro.<\/p>\n<blockquote><p>Utbredd misstro mot besluten hos SvFF<\/p><\/blockquote>\n<p>I min v\u00e4rld \u00e4r det d\u00e4r problemen b\u00f6rjar.<\/p>\n<p>Fotbollf\u00f6rbundet har bytt ledning tv\u00e5 g\u00e5nger och genomlidit stor turbulens, det \u00e4r en viktig parameter att b\u00e4ra med sig. Men som organisation borde man \u00e4nd\u00e5 ha lyckats presentera en trov\u00e4rdig utv\u00e4rdering av landslagsverksamheten och dess b\u00e4sta v\u00e4g fram\u00e5t. Trenden borde ha v\u00e4nt.<\/p>\n<p>Sedan september 2022 har alltsammans i st\u00e4llet f\u00f6ljts av en nationell problems\u00f6kning. Landslaget \u00e4r st\u00e4ndigt omringat av starka \u00e5sikter om en ny riktning, och \u00e4mnet f\u00e5r eldunderst\u00f6d av en utbredd misstro mot besluten som fattas inne p\u00e5 SvFF.<\/p>\n<p><img loading=\"lazy\"   alt=\"\"\/><\/p>\n<p>Fredrik Reinfeldt och Andrea M\u00f6llbergs tid i toppen av f\u00f6rbundet lyckades inte v\u00e4nda trenden.<\/p>\n<p>Foto: Christine Olsson \/ TT NYHETSBYR\u00c5N<\/p>\n<p>\u00d6ppna bild i helsk\u00e4rm<\/p>\n<p>Det har sina sk\u00e4l. Inf\u00f6r 1-1-matchen mot Slovenien hemma p\u00e5 Nationalarenan den h\u00f6sten ombads den d\u00e5varande generalsekreteraren H\u00e5kan Sj\u00f6strand f\u00f6rklara vem som utv\u00e4rderade f\u00f6rbundskaptenens jobb, och hur det gick till. Svaret spretade \u00e5t alla m\u00f6jliga h\u00e5ll. Sj\u00f6strand kastade bland annat fram Peter Wettergrens namn, mannen som allts\u00e5 var anst\u00e4lld som assisterande f\u00f6rbundskapten och satt bredvid Andersson p\u00e5 b\u00e4nken.\u00a0<\/p>\n<p>Fr\u00e5gan verkade \u00f6verraska honom. N\u00e5gon process gick inte att h\u00e4nvisa till, inget arbetss\u00e4tt kunde beskrivas. Han hade inga svar.<\/p>\n<blockquote><p>Var en gyllene m\u00f6jlighet<\/p><\/blockquote>\n<p>F\u00f6rtroendekapitalet f\u00f6r hela apparaten har, som en f\u00f6ljd av detta, rasat ihop. Det l\u00e5ter ungef\u00e4r likadant inom den svenska elitfotbollen som p\u00e5 l\u00e4ktarna och internet.<\/p>\n<p>Rekryteringen av en ny f\u00f6rbundskapten var en gyllene m\u00f6jlighet att skingra misstankarna. Men \u00e4mnet Jon Dahl Tomasson har i st\u00e4llet f\u00f6rdjupat skepticismen.\u00a0<\/p>\n<p>Processen f\u00f6r bytet av f\u00f6rbundskapten blev v\u00e4ldigt l\u00e5ng. Den gr\u00f6tiga situationen med Olof Mellberg gjorde inte saken b\u00e4ttre. N\u00e4r Tomasson v\u00e4l anlitades beskrevs han som en leverant\u00f6r av \u201dpositiv attackfotboll\u201d, varf\u00f6r det nu skulle vara ett \u00e4ndam\u00e5l i sig. Matcher mot Moldavien och Argentina kr\u00e4ver ju olika ansatser.\u00a0<\/p>\n<p>Den valda spelmodellen har ocks\u00e5 skapat legitima fr\u00e5gor fr\u00e5n start. Efter m\u00e5ndagens besvikelse har de f\u00e5tt svar som inte \u00e4r speciellt roliga.\u00a0<\/p>\n<p><img loading=\"lazy\"   alt=\"\"\/><\/p>\n<p>Kim K\u00e4llstr\u00f6m m\u00f6ter medierna efter matchen i Kosovo.<\/p>\n<p>Foto: JOHANNA S\u00c4LL \/ BILDBYR\u00c5N<\/p>\n<p>\u00d6ppna bild i helsk\u00e4rm<\/p>\n<p>\u00c4ven om ambitionen \u00e4r ett mer offensivt balanserat landslag \u00e4r det naturligt att fr\u00e5ga sig om den valda metoden verkligen inneb\u00e4r h\u00f6gst sannolikhet f\u00f6r att ta bra resultat, vilket m\u00e5ste vara \u00e4ndam\u00e5let. Sverige skulle ju inte skifta spelm\u00e4ssig mentalitet f\u00f6r att det \u00e4r coolt eller kul, utan f\u00f6r att f\u00f6rb\u00e4ttra sina chanser att vinna matcher.<\/p>\n<p>Annons<\/p>\n<p>Och d\u00e5 f\u00f6ljer n\u00e4sta fr\u00e5ga: Har n\u00e5gon eller n\u00e5gra p\u00e5 f\u00f6rbundet gjort bed\u00f6mningen att Tomassons komplexa val av ansats ger landslaget st\u00f6rst m\u00f6jligheter att vinna matcher?\u00a0<\/p>\n<blockquote><p>F\u00f6rbundet kan inte likna Sportnytt<\/p><\/blockquote>\n<p>Efter matchen mot Kosovo kan man l\u00e4gga Kim K\u00e4llstr\u00f6ms resonemang om att \u201dman kan missa m\u00e4sterskap med olika spelsystem\u201d och h\u00e4nvisningar till Kosovos starka motivation att ocks\u00e5 spela VM bredvid f\u00f6rbundets stridsrop till Gula v\u00e4ggen och se ett m\u00f6nster g\u00e5 igen.<\/p>\n<p>Att lyssna p\u00e5 Svenska fotbollf\u00f6rbundet kan inte vara en upplevelse som liknar Sportnytt, d\u00e4r tittaren ofta kan drabbas av intrycket att en speedway-t\u00e4vling \u00e4r epicentrum f\u00f6r idrottsv\u00e4rlden just denna dag. Tv\u00e4rtom beh\u00f6vs en gemensam verklighetsbild.<\/p>\n<p>Och verkligheten kr\u00e4ver sj\u00e4lvrannsakan, ett erk\u00e4nnande av vad som inte fungerar, och en trov\u00e4rdig vilja till kritisk utv\u00e4rdering. F\u00f6rbundet m\u00e5ste skapa mer f\u00f6rtroende f\u00f6r sina beslut. S\u00e5 v\u00e4nder utvecklingen. Inte genom uppmaningar om att alla som sliter sitt h\u00e5r ska ta varandra i handen och \u201dresa sig tillsammans\u201d med dem.\u00a0<\/p>\n","protected":false},"excerpt":{"rendered":"Svenska fotbollf\u00f6rbundet har ett allvarligt trov\u00e4rdighetsproblem. Det \u00e4r h\u00f6g tid f\u00f6r det att \u00e5tg\u00e4rdas. Inspirationsinl\u00e4gg om hopp, handh\u00e5llning&hellip;\n","protected":false},"author":2,"featured_media":27519,"comment_status":"","ping_status":"","sticky":false,"template":"","format":"standard","meta":{"footnotes":""},"categories":[5],"tags":[22,23,26,27,17,21,24,25,28,29,15,16,3166,18,34,305,739,31,33,32,30,19,20],"class_list":{"0":"post-27518","1":"post","2":"type-post","3":"status-publish","4":"format-standard","5":"has-post-thumbnail","7":"category-rubriker","8":"tag-breaking-news","9":"tag-breakingnews","10":"tag-featured-news","11":"tag-featurednews","12":"tag-headlines","13":"tag-huvudnyheter","14":"tag-latest-news","15":"tag-latestnews","16":"tag-main-news","17":"tag-mainnews","18":"tag-news","19":"tag-nyheter","20":"tag-organization-svenska-fotbollforbundet","21":"tag-rubriker","22":"tag-se","23":"tag-sections-kronikorer","24":"tag-sections-noabachner","25":"tag-svenska","26":"tag-sverige","27":"tag-sweden","28":"tag-swedish","29":"tag-top-stories","30":"tag-topstories"},"share_on_mastodon":{"url":"","error":""},"_links":{"self":[{"href":"https:\/\/www.europesays.com\/se\/wp-json\/wp\/v2\/posts\/27518","targetHints":{"allow":["GET"]}}],"collection":[{"href":"https:\/\/www.europesays.com\/se\/wp-json\/wp\/v2\/posts"}],"about":[{"href":"https:\/\/www.europesays.com\/se\/wp-json\/wp\/v2\/types\/post"}],"author":[{"embeddable":true,"href":"https:\/\/www.europesays.com\/se\/wp-json\/wp\/v2\/users\/2"}],"replies":[{"embeddable":true,"href":"https:\/\/www.europesays.com\/se\/wp-json\/wp\/v2\/comments?post=27518"}],"version-history":[{"count":0,"href":"https:\/\/www.europesays.com\/se\/wp-json\/wp\/v2\/posts\/27518\/revisions"}],"wp:featuredmedia":[{"embeddable":true,"href":"https:\/\/www.europesays.com\/se\/wp-json\/wp\/v2\/media\/27519"}],"wp:attachment":[{"href":"https:\/\/www.europesays.com\/se\/wp-json\/wp\/v2\/media?parent=27518"}],"wp:term":[{"taxonomy":"category","embeddable":true,"href":"https:\/\/www.europesays.com\/se\/wp-json\/wp\/v2\/categories?post=27518"},{"taxonomy":"post_tag","embeddable":true,"href":"https:\/\/www.europesays.com\/se\/wp-json\/wp\/v2\/tags?post=27518"}],"curies":[{"name":"wp","href":"https:\/\/api.w.org\/{rel}","templated":true}]}}