{"id":27526,"date":"2025-09-11T15:04:07","date_gmt":"2025-09-11T15:04:07","guid":{"rendered":"https:\/\/www.europesays.com\/se\/27526\/"},"modified":"2025-09-11T15:04:07","modified_gmt":"2025-09-11T15:04:07","slug":"mohammed-ben-sulayem-i-sverige-svarar-pa-kritiken","status":"publish","type":"post","link":"https:\/\/www.europesays.com\/se\/27526\/","title":{"rendered":"Mohammed Ben Sulayem i Sverige \u2013 svarar p\u00e5 kritiken"},"content":{"rendered":"<p><img   alt=\"\"\/><\/p>\n<p>Mohammed Ben Sulayem bes\u00f6kte Stockholm f\u00f6r att diskutera n\u00e4that.<\/p>\n<p>Foto: Beata Zawrzel\/ZUMA Press Wire\/Shutters \/ TT NYHETSBYR\u00c5N<\/p>\n<p>\u00d6ppna bild i helsk\u00e4rm<\/p>\n<p>Solen skiner och m\u00e4nniskor g\u00e5r f\u00f6rbi i bara t-shirs utanf\u00f6r <a href=\"https:\/\/www.expressen.se\/tagg\/person\/mohammed-ben-sulayem\/\" class=\"\" rel=\"nofollow noopener\" target=\"_blank\">Mohammed Ben Sulayems<\/a> f\u00f6nster inne p\u00e5 Grand H\u00f4tel.<\/p>\n<p>Han blir f\u00f6rv\u00e5nad. Det h\u00e4r \u00e4r inte det Sverige som han \u00e4r van vid.\u00a0<\/p>\n<p>Presidenten f\u00f6r det internationella bilsportf\u00f6rbundet (FIA) har sj\u00e4lv en karri\u00e4r som rallyf\u00f6rare bakom sig. Under sin tid hos Toyota fick han testk\u00f6ra i de v\u00e4rml\u00e4ndska skogarna \u2013 och det finns en sak som han minns s\u00e4rskilt v\u00e4l.<\/p>\n<p>\u2013 Jag var kall. V\u00e4ldigt kall. Det h\u00e4r \u00e4r inte normalt, va?<\/p>\n<p>Ben Sulayem \u00e4r p\u00e5 plats i Stockholm f\u00f6r att n\u00e4rvara vid en konferens om n\u00e4that inom sportens v\u00e4rld. Kampanjen The United Against Online Abuse (UAOA) grundades av Ben Sulayem sj\u00e4lv 2022 efter att en kvinnlig kollega f\u00e5tt grova hot riktade mot b\u00e5de sig och sin familj.<\/p>\n<p>\u2013 Jag k\u00e4nde att n\u00e5gonstans m\u00e5ste man dra en linje och b\u00f6rja agera. Det \u00e4r extremt sv\u00e5rt, men allt som \u00e4r skapat av en m\u00e4nniska kan ocks\u00e5 f\u00f6rg\u00f6ras av en m\u00e4nniska, s\u00e4ger Mohammed Ben Sulayem.<\/p>\n<p>Han menar att l\u00f6sningen p\u00e5 problemet \u00e4r att olika sektorer b\u00f6rjar samarbeta f\u00f6r att tillsammans kunna utbilda och p\u00e5verka. P\u00e5 l\u00e4ngre sikt vill Ben Sulayem \u00e4ven att det implementeras h\u00e5rdare straff mot de som uts\u00e4tter andra f\u00f6r hot och hat.<\/p>\n<p>Inom motorsporten menar han att f\u00f6rarna spelar en stor roll i det hela.<\/p>\n<p>\u2013 Jag har sagt till dem att de \u00e4r ansvariga. Du f\u00e5r \u00f6ver hundra miljoner dollar per \u00e5r, skydda den sport som har tagit hand om dig.<\/p>\n<p><strong>Vad vill du att f\u00f6rarna ska g\u00f6ra?<\/strong><\/p>\n<p>\u2013 Jag var sj\u00e4lv en f\u00f6rare, men vi hade inte sociala medier d\u00e5 s\u00e5 jag gjorde inget. Men nu, som f\u00f6rare, \u00e4r det inte bara en skyldighet till dig och sporten utan till hela samh\u00e4llet och m\u00e4nskligheten. Det \u00e4r det som g\u00f6r sport s\u00e5 kraftfull. Jag vill att de blir ambassad\u00f6rer som hj\u00e4lper till att lugna ner situationer. Att de s\u00e4ger att det inte \u00e4r acceptabelt inom v\u00e5r sport.<\/p>\n<p><a href=\"https:\/\/www.instagram.com\/p\/DOZPTCRjQ1F\/?img_index=1\" data-provider=\"instagram\" class=\"js-social-embed\" rel=\"nofollow noopener\" target=\"_blank\">https:\/\/www.instagram.com\/p\/DOZPTCRjQ1F\/?img_index=1<\/a>Hatet: \u201dDet \u00e4r hemskt\u201d<\/p>\n<p>Mohammed Ben Sulayem tilltr\u00e4dde som president f\u00f6r FIA i december 2021. Han tog d\u00e5 \u00f6ver efter Jean Todt, som tidigare haft rollen sedan 2009.<\/p>\n<p>Under sin tid p\u00e5 posten har Ben Sulayem sj\u00e4lv varit f\u00f6rem\u00e5l f\u00f6r kraftig kritik.<\/p>\n<p>\u2013 Alla har inte en stark personlighet. Alla \u00e4r inte mig, jag \u00e4r inte som n\u00e5gon annan. Men jag hanterar det p\u00e5 ett annorlunda s\u00e4tt. Jag hanterar det som en ansvarsfull person. Jag t\u00e4nker att om jag f\u00e5r det, d\u00e5 f\u00e5r \u00e4ven andra det. S\u00e5 l\u00e5t oss f\u00f6rs\u00f6ka fixa det. Men det \u00e4r hemskt.<\/p>\n<p>Annons<\/p>\n<p>Han tar upp kritik i media som ett exempel.<\/p>\n<p>\u2013 Sorgligt nog \u00e4r det inte alltid personer som g\u00f6mmer sig bakom sk\u00e4rmar, ibland \u00e4r det journalister som vill s\u00e4lja fler tidningar. Jag har aldrig sett n\u00e5gon mer brutal \u00e4n brittisk media. De \u00e4r s\u00e5 stolta och s\u00e4ger \u201dahhh, vi \u00e4r s\u00e5 m\u00e4ktiga att vi lyckats f\u00e5 v\u00e5r premi\u00e4rminister avsatt\u201d. \u00c4r det verkligen en framg\u00e5ng? Ett land utan premi\u00e4rminister under en l\u00e5ng tid \u00e4r inte bra. Det handlar om folkets b\u00e4sta.<\/p>\n<p>S\u00e5 vad handlar egentligen kritiken mot Mohammed Ben Sulayem om?<\/p>\n<p>Det som f\u00e5tt mest uppm\u00e4rksamhet medialt \u00e4r hans beslut att f\u00f6rbjuda svordomar. Den regerande v\u00e4rldsm\u00e4staren i formel 1 Max Verstappen straffades med arbete \u201di allm\u00e4nhetens intresse\u201d i Rwanda efter att ha svurit under en presskonferens.\u00a0<\/p>\n<p>\u2013 Sv\u00e4randet \u00e4r ocks\u00e5 ett budskap. Det \u00e4r upp till dem att g\u00f6ra det p\u00e5 sina egna plattformar, men jag fr\u00e5gar dig nu, en av de st\u00f6rsta idrottarna genom alla tider, Muhammad Ali, har du n\u00e5gonsin h\u00f6rt honom sv\u00e4ra?<\/p>\n<p><strong>Men det som g\u00f6r motorsport speciellt \u00e4r ju&#8230;<\/strong><\/p>\n<p>\u2013 Nej.<\/p>\n<p><strong>&#8230;att allt de s\u00e4ger kan spelas upp p\u00e5 radion.<\/strong><\/p>\n<p>\u2013 Nej. Kan du kontrollera en bil som k\u00f6r 320 kilometer i timmen s\u00e5 kan du ocks\u00e5 kontrollera din egen tunga. Och om jag s\u00e4ger att vi ska sluta med radion, d\u00e5 kommer alla s\u00e4ga \u201dneeej, sluta inte med radion\u201d.<\/p>\n<p>\u2013 Och nu, s\u00e4ger de det?<\/p>\n<p><strong>Nej. S\u00e5 du lyckades.<\/strong><\/p>\n<p>\u2013 Inte jag. Det \u00e4r sporten som lyckats.<\/p>\n<p><img loading=\"lazy\"   alt=\"\"\/><\/p>\n<p>Mohammed Ben Sulayem med Max Verstappen.<\/p>\n<p>Foto: ACTION PRESS \/ STELLA PICTURES\/ACTION PRESS ACTION PRESS<\/p>\n<p>\u00d6ppna bild i helsk\u00e4rmKritiken mot FIA: \u201dDet var press\u201d<\/p>\n<p>FIA har \u00e4ven anklagats f\u00f6r sportswashing, en term som anv\u00e4nds f\u00f6r att beskriva hur l\u00e4nder anv\u00e4nder sig av sport f\u00f6r att f\u00f6rb\u00e4ttra sitt rykte.<\/p>\n<p>P\u00e5 formel 1:s kalender finns Bahrain, Saudiarabien, Azerbajdzjan, Kina, Qatar och Abu Dhabi \u2013 l\u00e4nder som alla f\u00e5tt kritik f\u00f6r sina bristande m\u00e4nskliga r\u00e4ttigheter.<\/p>\n<p>Samtidigt inf\u00f6rde FIA en regel 2022 som inneb\u00e4r att f\u00f6rare inte f\u00e5r uttala sig om politiska fr\u00e5gor utan att f\u00f6rst ha f\u00e5tt godk\u00e4nt av f\u00f6rbundet.<\/p>\n<p>\u2013 Om vi t\u00e4nker s\u00e5 varje g\u00e5ng vi ska v\u00e4lja land, vi \u00e5ker inte dit p\u00e5 grund av det eller det, d\u00e5 kanske vi bara ska tillbaka hit till Sverige, s\u00e5 kan vi f\u00e5 allt?<\/p>\n<p>Annons<\/p>\n<p>FIA-presidenten sl\u00e5r ut med armarna.<\/p>\n<p>\u2013 Vi blandar inte in religion och politik. F\u00f6r oss handlar det om m\u00e4nniskor och motorsport. Men vi skulle aldrig ta v\u00e5ra m\u00e4nniskor till platser som inte \u00e4r s\u00e4kra. Vi har st\u00e4llt in m\u00e5nga evenemang av just den anledningen.\u00a0<\/p>\n<p>Just den fr\u00e5gan st\u00e4lldes p\u00e5 sin spets i mars 2022. D\u00e5 utbr\u00f6t en stor brand i n\u00e4rheten av formel 1-banan i Jeddah. Det visade sig vara en attack p\u00e5 en oljedep\u00e5, som Huthi-rebellerna fr\u00e5n Jemen senare tog p\u00e5 sig.<\/p>\n<p>Trots den fortsatte Saudiarabiens GP som planerat dagen d\u00e4rp\u00e5.\u00a0<\/p>\n<p>\u2013 Det var mitt f\u00f6rsta race. Men f\u00f6rarna hade ett eget val. Jag sa det till dem, tror ni att era liv \u00e4r i fara s\u00e5 \u00e5k. Men d\u00e5 kan presidenten enligt reglerna erbjuda formel 2-f\u00f6rarna att k\u00f6ra i st\u00e4llet. Och n\u00e4r de h\u00f6rde det s\u00e5 ville de inte \u00e5ka l\u00e4ngre.<\/p>\n<p>Ett land som FIA dock har slutat k\u00f6ra i \u00e4r Ryssland. Sedan kriget utbr\u00f6t har de race som planerats att k\u00f6ras d\u00e4r st\u00e4llts in.<\/p>\n<p>\u2013 F\u00f6r att vara tydlig s\u00e5 var det FOM (Formula One Management, f\u00f6retaget som \u00e4ger och kontrollerar de kommersiella och organisatoriska r\u00e4ttigheterna till formel 1) som tog det beslutet. Det var press p\u00e5 FIA att markera och sluta k\u00f6ra i Ryssland men jag sa att jag inte kommer att bryta mot reglerna f\u00f6r n\u00e5gon.\u00a0<\/p>\n<p><strong>S\u00e5 det finns en m\u00f6jlighet att formel 1 kommer tillbaka till Ryssland inom en n\u00e4rliggande framtid?<\/strong><\/p>\n<p>\u2013 Det \u00e4r skillnad mellan den kommersiella delen av formel 1 och motorsport. Och vi m\u00e5ste f\u00f6lja den olympiska kommitt\u00e9ns riktlinjer, vi respekterar dem. Men l\u00e5t oss hoppas. Tror du att kriget kommer att vara f\u00f6r evigt? Det hoppas jag inte. Det \u00e4r m\u00e5nga m\u00e4nniskors liv som st\u00e5r p\u00e5 spel, fr\u00e5n b\u00e5das h\u00e5ll. Jag hatar krig, s\u00e5 enkelt \u00e4r det.<\/p>\n<p><img loading=\"lazy\"   alt=\"\"\/><\/p>\n<p>Rysslands GP 2021.<\/p>\n<p>Foto: Xavi Bonilla\/LiveMedia\/Shutterstock \/ TT NYHETSBYR\u00c5N<\/p>\n<p>\u00d6ppna bild i helsk\u00e4rm<\/p>\n<p>Han forts\u00e4tter:<\/p>\n<p>\u2013 I slut\u00e4ndan kan jag bara s\u00e4ga att vi f\u00f6ljer v\u00e5ra riktlinjer. Vi f\u00f6rb\u00e4ttrar dem. Kan man n\u00e5gonsin vara 100 procent perfekt? Nej. Om du s\u00e4tter dig i en bil, kan du garantera att det inte h\u00e4nder en olycka? Nej. Saker kan h\u00e4nda, men vi m\u00e5ste alltid se till att v\u00e5ra principer f\u00f6ljs.\u00a0<\/p>\n<p>Vill se ett tolfte team i formel 1<\/p>\n<p>I december \u00e4r det dags f\u00f6r ett nytt presidentval i FIA.\u00a0<\/p>\n<p>Under sina \u00e5r som ansvarig och med det snabba \u00f6kandet av intresse kring s\u00e4rskilt formel 1 har mycket handlat om att hantera var man ska dra gr\u00e4nsen mellan det kommersiella och det sportsliga.<\/p>\n<p>\u2013 Nej, det handlar inte bara om sport, det \u00e4r \u00e4ven underh\u00e5llning och en business. Men det g\u00e5r inte att forts\u00e4tta om det bara ska vara en pengamaskin. D\u00e5 f\u00f6rlorar du sportens sj\u00e4l. Det skulle vara b\u00f6rjan p\u00e5 slutet, s\u00e4ger Mohammed Ben Sulayem.<\/p>\n<p>Annons<\/p>\n<p>En fr\u00e5ga som han brunnit f\u00f6r \u00e4r inf\u00f6randet av ett elfte team p\u00e5 F1-gridden. Fr\u00e5n och med n\u00e4sta s\u00e4song kommer Cadillac att k\u00f6ra i serien \u2013 men det var inte helt enkelt att komma dit.\u00a0<\/p>\n<p>\u2013 Jag la tv\u00e5 \u00e5r av mitt liv p\u00e5 att pusha f\u00f6r ett elfte team. Men jag blev attackerad f\u00f6r det, till och med samma dag som min egen son gick bort.<\/p>\n<p>Saif Ben Sulayem, en g\u00e5ng i tiden sj\u00e4lv en lovande racingf\u00f6rare innan han tog beslutet att l\u00e4gga av, var med om en trafikolycka i mars 2023. Han blev 29 \u00e5r gammal.<\/p>\n<p>\u2013 Varf\u00f6r gjorde de s\u00e5 mot mig? F\u00f6r att de inte ville att jag skulle \u00f6ppna upp en intresseanm\u00e4lan. De bryr sig inte. N\u00e5gra av dem \u00e4r k\u00f6pta, de vill inte ha ett till team. Nu klappar alla i h\u00e4nderna \u00e5t sig sj\u00e4lva, \u201dkolla vad jag har gjort\u201d. Nej, det gjorde ni inte. Ni var emot det. Alla var emot det.<\/p>\n<p>\u2013 FIA gjorde det och jag fick ta emot alla sm\u00e4llar. \u00c4r jag villig att ta emot sm\u00e4llar igen? Ja, om det \u00e4r av r\u00e4tt anledning.<\/p>\n<p><img loading=\"lazy\"   alt=\"\"\/><\/p>\n<p>Stefano Domenicali och Mohammed Ben Sulayem.<\/p>\n<p>Foto: HOCH ZWEI \/ STELLA PICTURES\/ZUMA PRESS ZUMA PRESS<\/p>\n<p>\u00d6ppna bild i helsk\u00e4rm<\/p>\n<p>Reglementet s\u00e4ger att s\u00e5 m\u00e5nga som 26 bilar kan starta ett formel 1-race. Det skulle inneb\u00e4ra 13 team p\u00e5 gridden.<\/p>\n<p>Formel 1:s vd Stefano Domenicali varnade nyligen f\u00f6r att det \u201dinte finns plats\u201d f\u00f6r fler. Det st\u00e4mmer dock inte, enligt Mohammed Ben Sulayem.<\/p>\n<p>\u2013 Min k\u00e4re Stefano h\u00f6r till den kommersiella sidan. Jag till den sportsliga. Han \u00e4r vd f\u00f6r ett f\u00f6retag, och jag f\u00f6rst\u00e5r att han m\u00e5ste t\u00e4nka p\u00e5 det ekonomiska. Fler team inneb\u00e4r fler som vill \u00e4ta av samma kaka. Beh\u00f6ver vi ett till team? Nej. Vi beh\u00f6ver r\u00e4tt team. Det handlar inte om m\u00e4ngd, det handlar om kvalitet. Men det skulle g\u00f6ra saker och ting v\u00e4ldigt intressant.\u00a0<\/p>\n<p>Han forts\u00e4tter:<\/p>\n<p>\u2013 Varf\u00f6r var Cadillac r\u00e4tt? De gick igenom r\u00e4tt process. De valdes inte bara baserat p\u00e5 m\u00e4rke eller namn. FIA gick igenom allt och de tickade alla boxar. Vi v\u00e4ljer bara de allra b\u00e4sta.<\/p>\n<p>Mohammed Ben Sulayem hoppas att han f\u00e5r forts\u00e4tta i sin roll \u00e4ven n\u00e4sta \u00e5r. Nu \u00e4r det upp till medlemmarna att best\u00e4mma huruvida han har uppn\u00e5tt det han lovade n\u00e4r han f\u00f6rst valdes in f\u00f6r fyra \u00e5r sedan.<\/p>\n<p>\u2013 FIA var inte i en bra situation n\u00e4r jag tog \u00f6ver. Jag skyller det inte p\u00e5 n\u00e5gon, det g\u00e5r \u00e4nd\u00e5 inte att \u00e4ndra det som varit, men det \u00e4r tydligt nu att vi f\u00e5tt bukt p\u00e5 det finansiella. S\u00e5 jag k\u00e4nner att vi gjort mycket fram tills nu, men det finns mer att g\u00f6ra.<\/p>\n<p><script async src=\"\/\/www.instagram.com\/embed.js\"><\/script><\/p>\n","protected":false},"excerpt":{"rendered":"Mohammed Ben Sulayem bes\u00f6kte Stockholm f\u00f6r att diskutera n\u00e4that. Foto: Beata Zawrzel\/ZUMA Press Wire\/Shutters \/ TT NYHETSBYR\u00c5N \u00d6ppna&hellip;\n","protected":false},"author":2,"featured_media":27527,"comment_status":"","ping_status":"","sticky":false,"template":"","format":"standard","meta":{"footnotes":""},"categories":[68],"tags":[2338,3167,34,2336,562,111,110,31,33,32,30],"class_list":{"0":"post-27526","1":"post","2":"type-post","3":"status-publish","4":"format-standard","5":"has-post-thumbnail","7":"category-sport","8":"tag-organization-formel-1","9":"tag-person-mohammed-ben-sulayem","10":"tag-se","11":"tag-sections-formel-1","12":"tag-sections-motor","13":"tag-sport","14":"tag-sports","15":"tag-svenska","16":"tag-sverige","17":"tag-sweden","18":"tag-swedish"},"share_on_mastodon":{"url":"","error":""},"_links":{"self":[{"href":"https:\/\/www.europesays.com\/se\/wp-json\/wp\/v2\/posts\/27526","targetHints":{"allow":["GET"]}}],"collection":[{"href":"https:\/\/www.europesays.com\/se\/wp-json\/wp\/v2\/posts"}],"about":[{"href":"https:\/\/www.europesays.com\/se\/wp-json\/wp\/v2\/types\/post"}],"author":[{"embeddable":true,"href":"https:\/\/www.europesays.com\/se\/wp-json\/wp\/v2\/users\/2"}],"replies":[{"embeddable":true,"href":"https:\/\/www.europesays.com\/se\/wp-json\/wp\/v2\/comments?post=27526"}],"version-history":[{"count":0,"href":"https:\/\/www.europesays.com\/se\/wp-json\/wp\/v2\/posts\/27526\/revisions"}],"wp:featuredmedia":[{"embeddable":true,"href":"https:\/\/www.europesays.com\/se\/wp-json\/wp\/v2\/media\/27527"}],"wp:attachment":[{"href":"https:\/\/www.europesays.com\/se\/wp-json\/wp\/v2\/media?parent=27526"}],"wp:term":[{"taxonomy":"category","embeddable":true,"href":"https:\/\/www.europesays.com\/se\/wp-json\/wp\/v2\/categories?post=27526"},{"taxonomy":"post_tag","embeddable":true,"href":"https:\/\/www.europesays.com\/se\/wp-json\/wp\/v2\/tags?post=27526"}],"curies":[{"name":"wp","href":"https:\/\/api.w.org\/{rel}","templated":true}]}}