{"id":27532,"date":"2025-09-11T15:13:12","date_gmt":"2025-09-11T15:13:12","guid":{"rendered":"https:\/\/www.europesays.com\/se\/27532\/"},"modified":"2025-09-11T15:13:12","modified_gmt":"2025-09-11T15:13:12","slug":"hakan-juholt-i-krismote-med-svt-bottenlost-daligt","status":"publish","type":"post","link":"https:\/\/www.europesays.com\/se\/27532\/","title":{"rendered":"H\u00e5kan Juholt i krism\u00f6te med SVT: \u201dBottenl\u00f6st d\u00e5ligt\u201d"},"content":{"rendered":"<p>Publicerad 11 sep 2025 kl 16.40<\/p>\n<p>H\u00e5kan Juholt k\u00e4nde sig till en b\u00f6rjan lurad n\u00e4r han medverkade i SVT:s nya storsatsning \u201dSpelet\u201d.\u00a0<\/p>\n<p>D\u00e5 kallade han till krism\u00f6te och var n\u00e4ra att hoppa av programmet. \u00a0\u00a0\u00a0<\/p>\n<p>\u2013 Jag tycket att det var bottenl\u00f6st d\u00e5ligt.\u00a0<\/p>\n<p><img loading=\"lazy\"   alt=\"\"\/><\/p>\n<p>H\u00e5kan Juholt och Julia Franz\u00e9n \u00e4r med i SVT:s \u201dSpelet\u201d.<\/p>\n<p>Foto: Jessica Gow \/ TT \/ TT NYHETSBYR\u00c5N<\/p>\n<p>\u00d6ppna bild i helsk\u00e4rm<img loading=\"lazy\"   alt=\"\"\/><\/p>\n<p>H\u00e5kan Juholt \u00e4r med i nya \u201dSpelet\u201d<\/p>\n<p>Foto: SVT<\/p>\n<p>\u00d6ppna bild i helsk\u00e4rm<img loading=\"lazy\"   alt=\"\"\/><\/p>\n<p>H\u00e5kan Juholt.<\/p>\n<p>Foto: SVT<\/p>\n<p>\u00d6ppna bild i helsk\u00e4rm<\/p>\n<p>\u2013 Jag var fruktansv\u00e4rt irriterad, besviken och uppr\u00f6rd efter de f\u00f6rsta inspelningsdagarna. Jag tyckte att jag medverkade i ren skit, s\u00e4ger han n\u00e4r Expressen tr\u00e4ffar honom inf\u00f6r premi\u00e4ren 14 september.\u00a0<\/p>\n<p>\u2013 Men jag fick ett l\u00f6fte av produktionen att det h\u00e4r kommer ta sig, och j\u00e4klar vad det tog sig.\u00a0<\/p>\n<p><strong>Skulle man kunna str\u00e4cka sig s\u00e5 l\u00e5ngt att du h\u00f6ll p\u00e5 att hoppa av?\u00a0<\/strong><\/p>\n<p>\u2013 Ja, absolut. Absolut. Jag tyckte att det var bottenl\u00f6st d\u00e5ligt.\u00a0<\/p>\n<p><strong>Hade ni n\u00e5gon form av krissamtal d\u00e5?<\/strong><\/p>\n<p>\u2013 Ja, jag meddelade produktionen att jag inte tyckte det var bra.\u00a0<\/p>\n<p>\u2013 Jag hade blivit lovad att medverka i ett program som inte liknar n\u00e5gonting annat. Men det jag fick uppleva de f\u00f6rsta dagarna, allt det hade jag upplevt och sett i andra tv-program. Det var ingenting nytt.\u00a0<\/p>\n<p><img loading=\"lazy\"   alt=\"\"\/><\/p>\n<p>H\u00e5kan Juholt var inte n\u00f6jd.<\/p>\n<p>Foto: SVT<\/p>\n<p>\u00d6ppna bild i helsk\u00e4rmV\u00e4ndningen f\u00f6r Juholt<\/p>\n<p>I \u201dSpelet\u201d, som har premi\u00e4r 14 september, isoleras tolv k\u00e4ndisar i en hotellsvit d\u00e4r de \u00f6verraskas dygnet runt. <a href=\"https:\/\/www.expressen.se\/tagg\/organization\/svt\/\" class=\"\" rel=\"nofollow noopener\" target=\"_blank\">SVT<\/a> beskriver programmet som ett maktspel d\u00e4r list, pakter och svek \u00e4r n\u00f6dv\u00e4ndigt f\u00f6r att undvika utr\u00f6stning.\u00a0<\/p>\n<p>Efter hot om avhopp p\u00e5 m\u00f6tet med produktionsledningen kom v\u00e4ndningen.\u00a0<\/p>\n<p>\u2013 Sen h\u00e4nde det grejer och d\u00e5 tittade de mig in i \u00f6gonen och sa: \u201dLita p\u00e5 oss H\u00e5kan, det kommer att komma element som \u00e4r helt nya.\u00a0<\/p>\n<p>Juholt forts\u00e4tter:\u00a0<\/p>\n<p>\u2013 D\u00e5 best\u00e4mde jag mig f\u00f6r att f\u00f6rs\u00f6ka komma p\u00e5 vad de elementen var. Och d\u00e5 b\u00f6rjade jag spela mot \u201dSpelet\u201d i st\u00e4llet f\u00f6r mot de spelarna.\u00a0<\/p>\n<p>De t\u00e4vlar i &#8221;Spelet&#8221;<\/p>\n<p>Hanna Friberg, H\u00e5kan Juholt, Ikenna \u201dIke\u201d Abika, Marcus D\u00fcbois, Fr\u00f6ken Snusk (originalet), Christian Bauer, Ayan Ahmed, Jan Emanuel, Zeina Mourtada, Dominika Peczynski, Julia Franz\u00e9n och Daniel Paris.\u00a0<\/p>\n<p>Dessutom guidar en panel ledd av Gry Forssell tittarna genom programmet.\u00a0<\/p>\n<p>Visa mer<img loading=\"lazy\"   alt=\"\"\/><\/p>\n<p>Dominika Peczynski \u00e4r med i programmet.<\/p>\n<p>Foto: SVT<\/p>\n<p>\u00d6ppna bild i helsk\u00e4rm<img loading=\"lazy\"   alt=\"\"\/><\/p>\n<p>Jan Emanuel \u00e4r med.<\/p>\n<p>Foto: SVT<\/p>\n<p>\u00d6ppna bild i helsk\u00e4rm<\/p>\n","protected":false},"excerpt":{"rendered":"Publicerad 11 sep 2025 kl 16.40 H\u00e5kan Juholt k\u00e4nde sig till en b\u00f6rjan lurad n\u00e4r han medverkade i&hellip;\n","protected":false},"author":2,"featured_media":27533,"comment_status":"","ping_status":"","sticky":false,"template":"","format":"standard","meta":{"footnotes":""},"categories":[67],"tags":[104,361,3168,34,645,31,33,32,30,105],"class_list":{"0":"post-27532","1":"post","2":"type-post","3":"status-publish","4":"format-standard","5":"has-post-thumbnail","7":"category-underhallning","8":"tag-entertainment","9":"tag-organization-svt","10":"tag-person-hakan-juholt","11":"tag-se","12":"tag-sections-tv","13":"tag-svenska","14":"tag-sverige","15":"tag-sweden","16":"tag-swedish","17":"tag-underhallning"},"share_on_mastodon":{"url":"","error":""},"_links":{"self":[{"href":"https:\/\/www.europesays.com\/se\/wp-json\/wp\/v2\/posts\/27532","targetHints":{"allow":["GET"]}}],"collection":[{"href":"https:\/\/www.europesays.com\/se\/wp-json\/wp\/v2\/posts"}],"about":[{"href":"https:\/\/www.europesays.com\/se\/wp-json\/wp\/v2\/types\/post"}],"author":[{"embeddable":true,"href":"https:\/\/www.europesays.com\/se\/wp-json\/wp\/v2\/users\/2"}],"replies":[{"embeddable":true,"href":"https:\/\/www.europesays.com\/se\/wp-json\/wp\/v2\/comments?post=27532"}],"version-history":[{"count":0,"href":"https:\/\/www.europesays.com\/se\/wp-json\/wp\/v2\/posts\/27532\/revisions"}],"wp:featuredmedia":[{"embeddable":true,"href":"https:\/\/www.europesays.com\/se\/wp-json\/wp\/v2\/media\/27533"}],"wp:attachment":[{"href":"https:\/\/www.europesays.com\/se\/wp-json\/wp\/v2\/media?parent=27532"}],"wp:term":[{"taxonomy":"category","embeddable":true,"href":"https:\/\/www.europesays.com\/se\/wp-json\/wp\/v2\/categories?post=27532"},{"taxonomy":"post_tag","embeddable":true,"href":"https:\/\/www.europesays.com\/se\/wp-json\/wp\/v2\/tags?post=27532"}],"curies":[{"name":"wp","href":"https:\/\/api.w.org\/{rel}","templated":true}]}}