{"id":27538,"date":"2025-09-11T15:23:19","date_gmt":"2025-09-11T15:23:19","guid":{"rendered":"https:\/\/www.europesays.com\/se\/27538\/"},"modified":"2025-09-11T15:23:19","modified_gmt":"2025-09-11T15:23:19","slug":"elon-musk-inte-langre-varldens-rikaste","status":"publish","type":"post","link":"https:\/\/www.europesays.com\/se\/27538\/","title":{"rendered":"Elon Musk inte l\u00e4ngre v\u00e4rldens rikaste"},"content":{"rendered":"<p>Publicerad 10 sep 2025 kl 22.07Uppdaterad 11 sep kl 01.11<\/p>\n<p>Elon Musk var inte l\u00e4ngre v\u00e4rldens rikaste man \u2013 i n\u00e5gra timmar.<\/p>\n<p>Efter den st\u00f6rsta \u00f6kningen som hittills registrerats i Bloombergs miljard\u00e4rsindex fick han f\u00f6r en kort stund under onsdagen se sig omsprungen av Oracle-grundaren Larry Ellison.<\/p>\n<p>Senaste nyhetsklippen fr\u00e5n Expressen.<img   alt=\"\"\/><\/p>\n<p>Elon Musk \u00e4r inte l\u00e4ngre v\u00e4rldens rikaste person, enligt Bloombergs miljard\u00e4rsindex.<\/p>\n<p>Foto: MATT ROURKE \/ AP TT NYHETSBYR\u00c5N<\/p>\n<p>\u00d6ppna bild i helsk\u00e4rm<img loading=\"lazy\"   alt=\"\"\/><\/p>\n<p>Oracle-grundaren Larry Ellison har petat ned Musk fr\u00e5n tronen.<\/p>\n<p>Foto: Evan Vucci \/ TT NYHETSBYR\u00c5N<\/p>\n<p>\u00d6ppna bild i helsk\u00e4rm<\/p>\n<p>Ellisons f\u00f6rm\u00f6genhet \u00f6kade med 89 miljarder dollar till 383,2 miljarder dollar efter att Oracles aktie steg med cirka 36 procent p\u00e5 New York-b\u00f6rsen p\u00e5 onsdagen, skriver <a href=\"https:\/\/edition.cnn.com\/2025\/09\/10\/investing\/elon-musk-larry-ellison-wealth\" rel=\"nofollow noopener\" target=\"_blank\">CNN<\/a>.<\/p>\n<p>Kursrallyt skedde efter att f\u00f6retagets ovanligt starka kvartalsrapport som presenterades<br \/>p\u00e5 tisdagskv\u00e4llen, som visar en kraftigt \u00f6kad efterfr\u00e5gan p\u00e5 mjukvaru- och molnf\u00f6retagets tj\u00e4nster fr\u00e5n AI-kunder, bland annat Chat GPT-skaparen Open AI.<\/p>\n<p>St\u00f6rsta \u00f6kningen hittills<\/p>\n<p>F\u00f6rm\u00f6genhets\u00f6kningen \u00e4r den st\u00f6rsta som hittills noterats under en enskild dag i Bloombergs index \u00f6ver v\u00e4rldens rikaste m\u00e4nniskor, och innebar att 81-\u00e5rige Ellisson under n\u00e5gra timmar petade ned <a href=\"https:\/\/www.expressen.se\/tagg\/person\/elon-musk\/\" class=\"\" rel=\"nofollow noopener\" target=\"_blank\">Elon Musk<\/a> fr\u00e5n tronen som v\u00e4rldens rikaste.\u00a0<\/p>\n<p>Men vid b\u00f6rsens st\u00e4ngning p\u00e5 onsdagen hade Musk \u00e5tertagit ledningen. Enligt Bloomberg uppgick hans f\u00f6rm\u00f6genhet d\u00e5 till 384,2 miljarder miljarder dollar, vilket allts\u00e5 \u00f6vertr\u00e4ffade Ellisons med cirka 1 miljard dollar.<\/p>\n<p>Musk \u2013 med Tesla, X och Space X i sitt imperium \u2013 tog \u00f6ver titeln 2021 och har i stort sett beh\u00e5llit den sedan dess, med undantag f\u00f6r tv\u00e5 kortare perioder d\u00e5 han tillf\u00e4lligt f\u00f6rlorade den \u2013 f\u00f6rst 2021 till LVHM-chefen Bernard Arnault och 2024 till Amazons Jeff Bezos.<\/p>\n<p>Sedan \u00e5rsskiftet, efter ett turbulent politiskt \u00e5r, har Musks f\u00f6rm\u00f6genhet krympt med 48,8 miljarder dollar medan Elilsons \u00f6kat med drygt 200 miljarder dollar.<\/p>\n<p><strong>L\u00c4S MER: <\/strong><a href=\"https:\/\/www.expressen.se\/ekonomi\/tesla-vill-ge-musk-mer-makt-och-pengar\/\" class=\"\" rel=\"nofollow noopener\" target=\"_blank\">Tesla vill ge Musk mer makt \u2013 och pengar<\/a>Skriken vid explosionen: &#8221;Nej!!&#8221;<\/p>\n","protected":false},"excerpt":{"rendered":"Publicerad 10 sep 2025 kl 22.07Uppdaterad 11 sep kl 01.11 Elon Musk var inte l\u00e4ngre v\u00e4rldens rikaste man&hellip;\n","protected":false},"author":2,"featured_media":27539,"comment_status":"","ping_status":"","sticky":false,"template":"","format":"standard","meta":{"footnotes":""},"categories":[65],"tags":[72,70,71,984,34,31,33,32,30],"class_list":{"0":"post-27538","1":"post","2":"type-post","3":"status-publish","4":"format-standard","5":"has-post-thumbnail","7":"category-ekonomi","8":"tag-business","9":"tag-economy","10":"tag-ekonomi","11":"tag-person-elon-musk","12":"tag-se","13":"tag-svenska","14":"tag-sverige","15":"tag-sweden","16":"tag-swedish"},"share_on_mastodon":{"url":"","error":""},"_links":{"self":[{"href":"https:\/\/www.europesays.com\/se\/wp-json\/wp\/v2\/posts\/27538","targetHints":{"allow":["GET"]}}],"collection":[{"href":"https:\/\/www.europesays.com\/se\/wp-json\/wp\/v2\/posts"}],"about":[{"href":"https:\/\/www.europesays.com\/se\/wp-json\/wp\/v2\/types\/post"}],"author":[{"embeddable":true,"href":"https:\/\/www.europesays.com\/se\/wp-json\/wp\/v2\/users\/2"}],"replies":[{"embeddable":true,"href":"https:\/\/www.europesays.com\/se\/wp-json\/wp\/v2\/comments?post=27538"}],"version-history":[{"count":0,"href":"https:\/\/www.europesays.com\/se\/wp-json\/wp\/v2\/posts\/27538\/revisions"}],"wp:featuredmedia":[{"embeddable":true,"href":"https:\/\/www.europesays.com\/se\/wp-json\/wp\/v2\/media\/27539"}],"wp:attachment":[{"href":"https:\/\/www.europesays.com\/se\/wp-json\/wp\/v2\/media?parent=27538"}],"wp:term":[{"taxonomy":"category","embeddable":true,"href":"https:\/\/www.europesays.com\/se\/wp-json\/wp\/v2\/categories?post=27538"},{"taxonomy":"post_tag","embeddable":true,"href":"https:\/\/www.europesays.com\/se\/wp-json\/wp\/v2\/tags?post=27538"}],"curies":[{"name":"wp","href":"https:\/\/api.w.org\/{rel}","templated":true}]}}