{"id":27547,"date":"2025-09-11T15:32:07","date_gmt":"2025-09-11T15:32:07","guid":{"rendered":"https:\/\/www.europesays.com\/se\/27547\/"},"modified":"2025-09-11T15:32:07","modified_gmt":"2025-09-11T15:32:07","slug":"trump-skallde-ut-netanyahu-efter-bombningen-i-qatar","status":"publish","type":"post","link":"https:\/\/www.europesays.com\/se\/27547\/","title":{"rendered":"Trump sk\u00e4llde ut Netanyahu \u2013 efter bombningen i Qatar"},"content":{"rendered":"<p>Publicerad 11 sep 2025 kl 14.26Uppdaterad kl 14.32<\/p>\n<p>Trump tappade det n\u00e4r Israel attackerade Hamasdelegationen i Doha.<\/p>\n<p>Ledarna hade ett \u201dhetsigt\u201d telefonsamtal efter\u00e5t, enligt <a href=\"https:\/\/www.wsj.com\/world\/middle-east\/trump-has-heated-call-with-netanyahu-over-israeli-strike-on-qatar-83831fab?gaa_at=eafs&amp;gaa_n=ASWzDAijKz0a4NvqPl50ogXj8ECFb1Q7ESJsyaxcKy41EFKzuc2q6DOUSFTXD7iJ5L8%3D&amp;gaa_ts=68c297b8&amp;gaa_sig=MLDZMO0PaDP58E27d4Voqcb8G9_4je5cBq_rjDkLucxyBJa_15iNepu4qqShAWDBZ31vmvL3Yw7NEwO_SBWJ_g%3D%3D\" rel=\"nofollow noopener\" target=\"_blank\">Wall Street Journal.<\/a>\u00a0<\/p>\n<p>Senaste nyhetsklippen fr\u00e5n Expressen.<img   alt=\"\"\/><\/p>\n<p>Israels bombningar i Qatar har f\u00e5tt Donald Trump att sk\u00e4lla ut Israels premi\u00e4rminister Benjamin Netanyahu.<\/p>\n<p>Foto: EVAN VUCCI \/ AP TT NYHETSBYR\u00c5N<\/p>\n<p>\u00d6ppna bild i helsk\u00e4rm<img loading=\"lazy\"   alt=\"\"\/><\/p>\n<p>Benjamin Netanyahus agerande ska ha f\u00e5tt den amerikanska presidenten att ilskna till.<\/p>\n<p>Foto: GRIPAS YURI \/ STELLA PICTURES\/ABACA PRESS ABACA PRESS<\/p>\n<p>\u00d6ppna bild i helsk\u00e4rm<\/p>\n<p>Efter Israels bombningar riktade mot utpekade Hamasmedlemmar i Qatar och har <a href=\"https:\/\/www.expressen.se\/tagg\/person\/donald-trump\/\" class=\"\" rel=\"nofollow noopener\" target=\"_blank\">Donald Trump<\/a> sk\u00e4llt ut Israels premi\u00e4rminister Benjamin Netanyahu. Trump menar att agerandet var \u201dosmart\u201d.\u00a0<\/p>\n<p>Trump ska ha blivit arg n\u00e4r han fick reda p\u00e5 att attacken via den amerikanska milit\u00e4ren \u2013 och inte Israels (IDF). Att en amerikansk allierad, som medlar i konflikten, \u00e4ven befann sig p\u00e5 plats i omr\u00e5det som bombades gjorde inte presidenten gladare, skriver <a href=\"https:\/\/www.wsj.com\/world\/middle-east\/trump-has-heated-call-with-netanyahu-over-israeli-strike-on-qatar-83831fab\" rel=\"nofollow noopener\" target=\"_blank\">Wall Street Journal<\/a> med h\u00e4nvisning till k\u00e4llor.\u00a0<\/p>\n<p>Netanyahu ska ha svarat den amerikanska presidenten att han beh\u00f6vde agera fort \u2013 d\u00e5 m\u00f6jligheten att genomf\u00f6ra attacken ska ha varit kortvarig.\u00a0<\/p>\n<p>Fem d\u00f6da i attacken\u00a0<\/p>\n<p>Bombningen av Hamas h\u00f6gerkvarter i Doha <a href=\"https:\/\/www.expressen.se\/nyheter\/varlden\/israelisk-attack-mot-hamastoppar-i-doha\/\" rel=\"nofollow noopener\" target=\"_blank\">skedde den 9 september<\/a> och m\u00e5ltavlan f\u00f6r Israels milit\u00e4r (IDF) var Hamas f\u00f6rhandlingsdelegation som befann sig i landet f\u00f6r att diskutera ett f\u00f6rslag om vapenvila, rapporterar flera medier.<\/p>\n<p>Fem personer d\u00f6dades i attacken, enligt Hamas.<\/p>\n<p>Skulle \u00e4ta med ministrarna \u2013 inget g\u00e5r som planerat.<\/p>\n","protected":false},"excerpt":{"rendered":"Publicerad 11 sep 2025 kl 14.26Uppdaterad kl 14.32 Trump tappade det n\u00e4r Israel attackerade Hamasdelegationen i Doha. Ledarna&hellip;\n","protected":false},"author":2,"featured_media":27548,"comment_status":"","ping_status":"","sticky":false,"template":"","format":"standard","meta":{"footnotes":""},"categories":[14],"tags":[22,23,26,27,17,21,24,25,28,29,15,16,1360,198,18,34,55,31,33,32,30,19,60,20,51,52,53,54],"class_list":{"0":"post-27547","1":"post","2":"type-post","3":"status-publish","4":"format-standard","5":"has-post-thumbnail","7":"category-varlden","8":"tag-breaking-news","9":"tag-breakingnews","10":"tag-featured-news","11":"tag-featurednews","12":"tag-headlines","13":"tag-huvudnyheter","14":"tag-latest-news","15":"tag-latestnews","16":"tag-main-news","17":"tag-mainnews","18":"tag-news","19":"tag-nyheter","20":"tag-person-benjamin-netanyahu","21":"tag-person-donald-trump","22":"tag-rubriker","23":"tag-se","24":"tag-sections-varlden","25":"tag-svenska","26":"tag-sverige","27":"tag-sweden","28":"tag-swedish","29":"tag-top-stories","30":"tag-topic-krig-konflikt","31":"tag-topstories","32":"tag-varlden","33":"tag-world","34":"tag-world-news","35":"tag-worldnews"},"share_on_mastodon":{"url":"","error":""},"_links":{"self":[{"href":"https:\/\/www.europesays.com\/se\/wp-json\/wp\/v2\/posts\/27547","targetHints":{"allow":["GET"]}}],"collection":[{"href":"https:\/\/www.europesays.com\/se\/wp-json\/wp\/v2\/posts"}],"about":[{"href":"https:\/\/www.europesays.com\/se\/wp-json\/wp\/v2\/types\/post"}],"author":[{"embeddable":true,"href":"https:\/\/www.europesays.com\/se\/wp-json\/wp\/v2\/users\/2"}],"replies":[{"embeddable":true,"href":"https:\/\/www.europesays.com\/se\/wp-json\/wp\/v2\/comments?post=27547"}],"version-history":[{"count":0,"href":"https:\/\/www.europesays.com\/se\/wp-json\/wp\/v2\/posts\/27547\/revisions"}],"wp:featuredmedia":[{"embeddable":true,"href":"https:\/\/www.europesays.com\/se\/wp-json\/wp\/v2\/media\/27548"}],"wp:attachment":[{"href":"https:\/\/www.europesays.com\/se\/wp-json\/wp\/v2\/media?parent=27547"}],"wp:term":[{"taxonomy":"category","embeddable":true,"href":"https:\/\/www.europesays.com\/se\/wp-json\/wp\/v2\/categories?post=27547"},{"taxonomy":"post_tag","embeddable":true,"href":"https:\/\/www.europesays.com\/se\/wp-json\/wp\/v2\/tags?post=27547"}],"curies":[{"name":"wp","href":"https:\/\/api.w.org\/{rel}","templated":true}]}}