{"id":27566,"date":"2025-09-11T15:49:08","date_gmt":"2025-09-11T15:49:08","guid":{"rendered":"https:\/\/www.europesays.com\/se\/27566\/"},"modified":"2025-09-11T15:49:08","modified_gmt":"2025-09-11T15:49:08","slug":"stor-polisinsats-i-varmdo-pojkar-tagna-med-vapen","status":"publish","type":"post","link":"https:\/\/www.europesays.com\/se\/27566\/","title":{"rendered":"Stor polisinsats i V\u00e4rmd\u00f6 \u2013 pojkar tagna med vapen"},"content":{"rendered":"<p>Publicerad 11 sep 2025 kl 15.34Uppdaterad kl 17.39<\/p>\n<p>P\u00e5 torsdagen slog polisen till mot en adress p\u00e5 V\u00e4rmd\u00f6.<\/p>\n<p>Enligt uppgifter omh\u00e4ndertogs tv\u00e5 pojkar \u2013 13 och 14 \u00e5r gamla \u2013 som misst\u00e4nks ha tagit p\u00e5 sig ett morduppdrag.<\/p>\n<p>Vid gripandet ska polisen ha funnit tv\u00e5 skarpa pistoler.<\/p>\n<p>Senaste nyhetsklippen fr\u00e5n Expressen.<img   alt=\"\"\/> <\/p>\n<p>Foto: Johan Nilsson \/ TT NYHETSBYR\u00c5N<\/p>\n<p>\u00d6ppna bild i helsk\u00e4rm<\/p>\n<p>Vid klockan 01 p\u00e5 natten till torsdagen inledde polisen en st\u00f6rre insats i Hemmesta, som ligger p\u00e5 <a href=\"https:\/\/www.expressen.se\/tagg\/location\/varmdo\/\" class=\"\" rel=\"nofollow noopener\" target=\"_blank\">V\u00e4rmd\u00f6<\/a> utanf\u00f6r Stockholm.<\/p>\n<p>I insatsen omh\u00e4ndertogs tv\u00e5 pojkar \u2013 13 och 14 \u00e5r gamla, som misst\u00e4nks ha tagit p\u00e5 sig ett uppdrag d\u00e4r de skulle utf\u00f6ra ett mord i utbyte mot en kvarts miljon kronor, enligt uppgifter till Expressen. Pojkarna ska allts\u00e5 ej ha uppn\u00e5tt straffmyndighets\u00e5lder.\u00a0<\/p>\n<p>Tillslaget ska ha skett i en l\u00e4genhet d\u00e4r polisen \u00e4ven fann tv\u00e5 skarpa pistoler.<\/p>\n<p>Pojkarna \u00e4r hemmah\u00f6rande i en annan del av landet och enligt uppgifter ha rymt fr\u00e5n ett hem d\u00e4r de var placerade enligt LVU.<\/p>\n<p>P\u00e5 torsdagseftermiddagen bekr\u00e4ftar polisen att en insats \u00e4gt rum, men vill inte l\u00e4mna n\u00e5gon ytterligare kommentar.<\/p>\n<p>\u2013 Det st\u00e4mmer att vi utreder ett grovt brott i Hemmesta p\u00e5 V\u00e4rmd\u00f6, och att vi har utf\u00f6rt flera utrednings\u00e5tg\u00e4rder, s\u00e4ger Ola \u00d6sterling p\u00e5 Stockholmspolisens mediecenter.<\/p>\n<p><img alt=\"\"\/>Ljudklippet gick inte att spela upp<\/p>\n<p>F\u00f6rs\u00f6k igen senare<\/p>\n","protected":false},"excerpt":{"rendered":"Publicerad 11 sep 2025 kl 15.34Uppdaterad kl 17.39 P\u00e5 torsdagen slog polisen till mot en adress p\u00e5 V\u00e4rmd\u00f6.&hellip;\n","protected":false},"author":2,"featured_media":27567,"comment_status":"","ping_status":"","sticky":false,"template":"","format":"standard","meta":{"footnotes":""},"categories":[12],"tags":[22,23,26,27,17,21,24,25,135,2500,28,29,15,16,18,34,666,31,33,32,30,19,668,20],"class_list":{"0":"post-27566","1":"post","2":"type-post","3":"status-publish","4":"format-standard","5":"has-post-thumbnail","7":"category-sverige","8":"tag-breaking-news","9":"tag-breakingnews","10":"tag-featured-news","11":"tag-featurednews","12":"tag-headlines","13":"tag-huvudnyheter","14":"tag-latest-news","15":"tag-latestnews","16":"tag-location-stockholm","17":"tag-location-varmdo","18":"tag-main-news","19":"tag-mainnews","20":"tag-news","21":"tag-nyheter","22":"tag-rubriker","23":"tag-se","24":"tag-sections-krim","25":"tag-svenska","26":"tag-sverige","27":"tag-sweden","28":"tag-swedish","29":"tag-top-stories","30":"tag-topic-gangkriminalitet","31":"tag-topstories"},"share_on_mastodon":{"url":"","error":""},"_links":{"self":[{"href":"https:\/\/www.europesays.com\/se\/wp-json\/wp\/v2\/posts\/27566","targetHints":{"allow":["GET"]}}],"collection":[{"href":"https:\/\/www.europesays.com\/se\/wp-json\/wp\/v2\/posts"}],"about":[{"href":"https:\/\/www.europesays.com\/se\/wp-json\/wp\/v2\/types\/post"}],"author":[{"embeddable":true,"href":"https:\/\/www.europesays.com\/se\/wp-json\/wp\/v2\/users\/2"}],"replies":[{"embeddable":true,"href":"https:\/\/www.europesays.com\/se\/wp-json\/wp\/v2\/comments?post=27566"}],"version-history":[{"count":0,"href":"https:\/\/www.europesays.com\/se\/wp-json\/wp\/v2\/posts\/27566\/revisions"}],"wp:featuredmedia":[{"embeddable":true,"href":"https:\/\/www.europesays.com\/se\/wp-json\/wp\/v2\/media\/27567"}],"wp:attachment":[{"href":"https:\/\/www.europesays.com\/se\/wp-json\/wp\/v2\/media?parent=27566"}],"wp:term":[{"taxonomy":"category","embeddable":true,"href":"https:\/\/www.europesays.com\/se\/wp-json\/wp\/v2\/categories?post=27566"},{"taxonomy":"post_tag","embeddable":true,"href":"https:\/\/www.europesays.com\/se\/wp-json\/wp\/v2\/tags?post=27566"}],"curies":[{"name":"wp","href":"https:\/\/api.w.org\/{rel}","templated":true}]}}