{"id":27578,"date":"2025-09-11T16:09:27","date_gmt":"2025-09-11T16:09:27","guid":{"rendered":"https:\/\/www.europesays.com\/se\/27578\/"},"modified":"2025-09-11T16:09:27","modified_gmt":"2025-09-11T16:09:27","slug":"gudrun-sjoden-kampar-med-n-ordet-i-skavlan","status":"publish","type":"post","link":"https:\/\/www.europesays.com\/se\/27578\/","title":{"rendered":"Gudrun Sj\u00f6d\u00e9n k\u00e4mpar med n-ordet i Skavlan"},"content":{"rendered":"<p>Publicerad 11 sep 2025 kl 09.41Uppdaterad kl 12.40<\/p>\n<p>Fredrik Skavlan \u00e4r tillbaka med ett debattprogram som ska skaka om Sverige.<\/p>\n<p>Kristin Lundell \u00e5ker till tv-studion f\u00f6r att se en debatt om debatten.<\/p>\n<p><img   alt=\"\"\/><\/p>\n<p>Gudrun Sj\u00f6d\u00e9n avgick 2022 som vd efter en granskning i Expressen.<\/p>\n<p>Foto: Annika Berglund \/ SVT<\/p>\n<p>\u00d6ppna bild i helsk\u00e4rm<\/p>\n<p><strong>RECENSION. <\/strong>Det var med en imponerande snackissucc\u00e9 som <strong>Fredrik Skavlan<\/strong> gjorde comeback p\u00e5 den svenska tv-scenen. Strunt i att formatet var puttrigt, precis som f\u00f6rdebatten (d\u00e4r det enda riktigt \u00f6verraskande var att <strong>Blondinbella<\/strong> kom ut som alltings voice of reason. S\u00e5 uppfriskande!). F\u00f6r det var givetvis det efterf\u00f6ljande kammarspelet mellan <strong>Julia Dufvenius <\/strong>och <strong>Christopher Wollter <\/strong>som skakade om landet. Vilket \u00e4ktenskapsdrama! Sex, relationer, moral!<\/p>\n<p>Men hur f\u00f6ljer man d\u00e5 upp en pangpremi\u00e4r om man \u00e4r ett program d\u00e4r en norsk medborgare ska f\u00f6rs\u00f6ka f\u00f6rst\u00e5 sig p\u00e5 det svenska? Jo, man bl\u00e5ser i hundvisslan med \u00e4mnet \u201d\u00c4r Sverige v\u00e4rldens mest \u00e4ngsliga och politiskt korrekta land, eller \u00e4r det bara en myt?\u201d. Ah, s\u00e5 utspekulert! Vad man f\u00e5r och inte f\u00e5r s\u00e4ga i det h\u00e4r landet. Man kan h\u00f6ra prasslet av hundratals Delicatobollar som \u00f6ppnas runtom i v\u00e5rt avl\u00e5nga rike.\u00a0<\/p>\n<p>Det \u00e4r tisdag kv\u00e4ll n\u00e4r andra avsnittet av \u201dSkavlan &amp; Sverige\u201d spelas in p\u00e5 Filmhuset och publikuppv\u00e4rmarna taggat upp oss \u00e5sk\u00e5dare i studion. Vi f\u00f6rst\u00e5r att det \u00e4r vi tillsammans som g\u00f6r programmet. V\u00e5ra skratt och appl\u00e5der \u00e4r viktiga. Trots att inget \u00e4r st\u00f6rigare \u00e4n publik som engagerar sig f\u00f6r mycket \u2013 och h\u00e4r spelade faktiskt Skavlans publik under hans talk show-dagar i en egen liga \u2013 k\u00e4nns det p\u00e5 plats som r\u00e4tt sak att g\u00f6ra. Man vill skratta h\u00f6gt f\u00f6r programmets skull. Det \u00e4r som ett Stockholmssyndrom.<\/p>\n<p><img loading=\"lazy\"   alt=\"\"\/><\/p>\n<p>Fredrik Skavlan, Julia Fr\u00e4ndfors och Hassan Preisler.<\/p>\n<p>Foto: Annika Berglund \/ SVT<\/p>\n<p>\u00d6ppna bild i helsk\u00e4rm<\/p>\n<p><a href=\"https:\/\/www.expressen.se\/tagg\/person\/fredrik-skavlan\/\" class=\"\" rel=\"nofollow noopener\" target=\"_blank\">Fredrik Skavlan<\/a> h\u00e4lsar v\u00e4nligt innan inspelningarna drar i g\u00e5ng. Jag vill s\u00e4ga n\u00e5got trevligt neutralt och fr\u00e5gar hur hans hund m\u00e5r. Tyv\u00e4rr visar sig Bruno vara d\u00f6d. Jag t\u00e4nker p\u00e5 det som Julia Dufvenius sa i premi\u00e4ravsnittet: Det \u00e4r en d\u00f6dssynd att h\u00f6ra av sig om n\u00e5got jobbigt innan en f\u00f6rest\u00e4llning. S\u00e4tta n\u00e5gon ur balans. G\u00e5r det d\u00e5ligt i kv\u00e4ll \u00e4r det mitt fel. Jag m\u00e5ste appl\u00e5dera av min skuld.<\/p>\n<p>Uppl\u00e4gget \u00e4r som en sl\u00e4ktmiddag d\u00e4r familjebandet utg\u00f6rs av k\u00e4ndisskap. Gl\u00f6m mannen p\u00e5 gatan, han tillh\u00f6rde den gamla tidens \u00e5sikter-p\u00e5-rad-uppl\u00e4gg fr\u00e5n Hisingen. Till bords bjuds nu i st\u00e4llet m\u00e4nniskor med \u00e5sikter och karisma och s\u00e5 varje debatts m\u00e5ste: en enfant terrible. Denna kv\u00e4ll \u00e4r hon if\u00f6rd neongula glas\u00f6gonb\u00e5gar och heter <strong>Gudrun Sj\u00f6d\u00e9n<\/strong>. Den cancellerade kl\u00e4dskaparen \u2013 hon avgick som vd <a href=\"https:\/\/www.expressen.se\/nyheter\/vittnesmalen-inifran-gudrun-sjoden-hot-mobbning-och-rasism\/\" rel=\"nofollow noopener\" target=\"_blank\">efter en granskning i Expressen<\/a> om hot, mobbning och rasism i kl\u00e4df\u00f6retaget med hennes namn \u2013 \u00e4r fortfarande stridslysten. Hon \u00e4r d\u00e4r f\u00f6r att p\u00e5st\u00e5 att hon utsatts f\u00f6r ett drev av l\u00f6gner. H\u00e4r finns inga avb\u00f6ner. Till slut f\u00e5r Skavlan avbryta henne.<\/p>\n<p><img loading=\"lazy\"   alt=\"\"\/><\/p>\n<p>Det andra avsnittet av \u201dSkavlan &amp; Sverige\u201d handlar om vad man f\u00e5r s\u00e4ga i Sverige.<\/p>\n<p>Foto: Annika Berglund \/ SVT<\/p>\n<p>\u00d6ppna bild i helsk\u00e4rm<\/p>\n<p>Men s\u00e5 har ocks\u00e5 alla medverkande sina roller: Gudrun Sj\u00f6d\u00e9n sitter med som kv\u00e4llens \u00e4ldre-\u00e4ldre, en sl\u00e4kting fr\u00e5n en tid som flytt. Journalisten <strong>Irena Po\u017ear<\/strong> utg\u00f6r bordssamtalets rimliga storasyster, <strong>Fredrik Lindstr\u00f6m <\/strong>\u00e4r<strong> <\/strong>den joviale farbrodern, poddaren <strong>Julia Fr\u00e4ndfors <\/strong>den ostyriga kusinen och den danske dramatikern <strong>Hassan Preisler <\/strong>\u00e4r den som alla m\u00e5ste lyssna j\u00e4ttenoga p\u00e5 f\u00f6r att f\u00f6rst\u00e5 vad han s\u00e4ger (dr\u00f6mroll i en debatt!). Kv\u00e4llens hedersg\u00e4st \u00e4r den amerikanska biskopen <strong>Mariann Edgar Budde <\/strong>som h\u00f6ll den ber\u00f6mda gudstj\u00e4nsten f\u00f6r <strong>Donald Trump<\/strong> d\u00e4r hon v\u00e4djade till hans empati. Hon har sitt eget segment i programmet och eskorteras sedan ut av tv\u00e5 livvakter. T\u00e4nk att f\u00e5 vara i samma rum som henne.<\/p>\n<p>Annons<\/p>\n<p>Appl\u00e5der!<\/p>\n<p>N\u00e4r biskopen l\u00e4mnat b\u00f6rjar samtalet runt bordet p\u00e5 riktigt. Och det \u00e4r just ett snack. Fr\u00e4ndfors \u00e4r den luriga som f\u00f6rs\u00f6ker provocera Sj\u00f6d\u00e9n att s\u00e4ga ol\u00e4mpligheter, Lindstr\u00f6m vill f\u00e5 Po\u017ear att vara en del av den politiska korrektheten, Preisler \u00e4r n\u00e5got s\u00e5 ovanligt som en diplomatisk dansk. Det \u00e4r v\u00e4luppfostrat som en p\u00e5skmiddag. N\u00e5gon g\u00e5ng d\u00e5 och d\u00e5 blir det d\u00e5lig st\u00e4mning, men det blir aldrig <strong>Jerry Springer <\/strong>eller ens en kort wrestlingmatch.<\/p>\n<p><img loading=\"lazy\"   alt=\"\"\/><\/p>\n<p>Fredrik Skavlan mjukar upp publiken innan s\u00e4ndningen.<\/p>\n<p>Foto: Kristin Lundell<\/p>\n<p>\u00d6ppna bild i helsk\u00e4rm<\/p>\n<p>Visst, man h\u00e5ller andan varje g\u00e5ng som man f\u00f6rst\u00e5r att Gudrun Sj\u00f6d\u00e9n b\u00f6rjar prata om n\u00e5gon folkgrupp som inte l\u00e4ngre ben\u00e4mns som p\u00e5 1940-talet, men det \u00e4r bra f\u00f6r koncentrationen. Annars d\u00e5sar man l\u00e4tt av till slut. Jag m\u00e4rker att jag slarvar med appl\u00e5derna, skrattar mer f\u00f6r mig sj\u00e4lv \u00e4n f\u00f6r showen. Jag \u00e4r besviken, jag ger inte allt f\u00f6r programmet l\u00e4ngre \u2013 men man blir tr\u00f6tt av att lyssna till en debatt om debatten.<\/p>\n<p>N\u00e4r vi sl\u00e4pps ut vet jag inte riktigt vad som sagts egentligen men det visar sig v\u00e4l i redigeringen. Jag t\u00e4nker dock p\u00e5 det som en g\u00e5ng h\u00e4nde under en Grammisgala. Pl\u00f6tsligt skickades det runt sops\u00e4ckar med miniflaskor av Fireball i \u2013 f\u00f6r att f\u00e5 liv i rummet under s\u00e4ndningen. Det \u00e4r inte en dum id\u00e9. Om Skavlan vill f\u00e5 fram svenska sanningar p\u00e5 begr\u00e4nsad inspelningstid \u00e4r sprit n\u00e4rmast ett m\u00e5ste. Ner med en gammelgrogg i Skavlanmuggarna och rulla ut barvagnarna till oss i publiken med. Rota sedan fram <strong>Janne Josefssons <\/strong>gamla publikmikrofon. D\u00e5 hade det blivit ett gott svenskt snack.<\/p>\n<p>TV<\/p>\n<p>Skavlan &amp; Sverige<\/p>\n<p>Avsnitt 2 kommer p\u00e5 SVT Play och SVT1 i kv\u00e4ll klockan 20.<\/p>\n<p>Visa mer<\/p>\n<p>Kristin Lundell \u00e4r redakt\u00f6r och skribent p\u00e5 Expressens kultursida.<\/p>\n","protected":false},"excerpt":{"rendered":"Publicerad 11 sep 2025 kl 09.41Uppdaterad kl 12.40 Fredrik Skavlan \u00e4r tillbaka med ett debattprogram som ska skaka&hellip;\n","protected":false},"author":2,"featured_media":27579,"comment_status":"","ping_status":"","sticky":false,"template":"","format":"standard","meta":{"footnotes":""},"categories":[67],"tags":[104,1292,3169,3170,34,31,33,32,30,105],"class_list":{"0":"post-27578","1":"post","2":"type-post","3":"status-publish","4":"format-standard","5":"has-post-thumbnail","7":"category-underhallning","8":"tag-entertainment","9":"tag-person-fredrik-lindstrom","10":"tag-person-fredrik-skavlan","11":"tag-person-gudrun-sjoden","12":"tag-se","13":"tag-svenska","14":"tag-sverige","15":"tag-sweden","16":"tag-swedish","17":"tag-underhallning"},"share_on_mastodon":{"url":"","error":""},"_links":{"self":[{"href":"https:\/\/www.europesays.com\/se\/wp-json\/wp\/v2\/posts\/27578","targetHints":{"allow":["GET"]}}],"collection":[{"href":"https:\/\/www.europesays.com\/se\/wp-json\/wp\/v2\/posts"}],"about":[{"href":"https:\/\/www.europesays.com\/se\/wp-json\/wp\/v2\/types\/post"}],"author":[{"embeddable":true,"href":"https:\/\/www.europesays.com\/se\/wp-json\/wp\/v2\/users\/2"}],"replies":[{"embeddable":true,"href":"https:\/\/www.europesays.com\/se\/wp-json\/wp\/v2\/comments?post=27578"}],"version-history":[{"count":0,"href":"https:\/\/www.europesays.com\/se\/wp-json\/wp\/v2\/posts\/27578\/revisions"}],"wp:featuredmedia":[{"embeddable":true,"href":"https:\/\/www.europesays.com\/se\/wp-json\/wp\/v2\/media\/27579"}],"wp:attachment":[{"href":"https:\/\/www.europesays.com\/se\/wp-json\/wp\/v2\/media?parent=27578"}],"wp:term":[{"taxonomy":"category","embeddable":true,"href":"https:\/\/www.europesays.com\/se\/wp-json\/wp\/v2\/categories?post=27578"},{"taxonomy":"post_tag","embeddable":true,"href":"https:\/\/www.europesays.com\/se\/wp-json\/wp\/v2\/tags?post=27578"}],"curies":[{"name":"wp","href":"https:\/\/api.w.org\/{rel}","templated":true}]}}