{"id":27649,"date":"2025-09-11T17:59:23","date_gmt":"2025-09-11T17:59:23","guid":{"rendered":"https:\/\/www.europesays.com\/se\/27649\/"},"modified":"2025-09-11T17:59:23","modified_gmt":"2025-09-11T17:59:23","slug":"talar-ut-efter-fiaskotgrat-mig-till-somns-langdskidor","status":"publish","type":"post","link":"https:\/\/www.europesays.com\/se\/27649\/","title":{"rendered":"Talar ut efter fiaskot:\n\u201dGr\u00e4t mig till s\u00f6mns\u201d | L\u00e4ngdskidor"},"content":{"rendered":"<p>Publicerad 10 sep 2025 kl 10.25Uppdaterad kl 11.03<\/p>\n<p>Jonna Sundling skrev ett kapitel gyllene svensk skidhistoria med sin sista str\u00e4cka i VM-stafetten i Trondheim.<\/p>\n<p>Men p\u00e5 andra sidan den historien st\u00e5r en h\u00e5nad f\u00f6rlorare.<\/p>\n<p>\u2013 De tyckte att jag inte borde f\u00e5 beh\u00e5lla mitt norska medborgarskap, s\u00e4ger den norska landslags\u00e5karen Kristin Austgulen Fosn\u00e4s.<\/p>\n<p><img   alt=\"\"\/><\/p>\n<p>Norska landslags\u00e5karen Kristin Austgulen Fosn\u00e4s.<\/p>\n<p>Foto: Terje Pedersen \/ TT NYHETSBYR\u00c5N<\/p>\n<p>\u00d6ppna bild i helsk\u00e4rm<img loading=\"lazy\"   alt=\"\"\/><\/p>\n<p>Austgulen Fosn\u00e4s efter den spektakul\u00e4ra VM-stafetten 2025.<\/p>\n<p>Foto: Matthias Schrader \/ TT NYHETSBYR\u00c5N<\/p>\n<p>\u00d6ppna bild i helsk\u00e4rm<img loading=\"lazy\"   alt=\"\"\/> <\/p>\n<p>Foto: MAXIM THORE \/ BILDBYR\u00c5N<\/p>\n<p>\u00d6ppna bild i helsk\u00e4rm<img loading=\"lazy\"   alt=\"\"\/> <\/p>\n<p>Foto: HARALD STEINER \/ BILDBYR\u00c5N<\/p>\n<p>\u00d6ppna bild i helsk\u00e4rm<\/p>\n<p>En pl\u00f6tslig regnskur f\u00e5r oss att snabbt omlokalisera in under skyddande tak p\u00e5 restaurangen i Torsby.<\/p>\n<p>Kristin Austgulen Fosn\u00e4s sl\u00e5r sig ner i en f\u00e5t\u00f6lj. Nickar lite samlat n\u00e4r f\u00f6rsta fr\u00e5gan kommer om vad som h\u00e4nde den d\u00e4r dagen i Trondheim f\u00f6r n\u00e4stan exakt ett halv\u00e5r sedan.<\/p>\n<p>\u2013 Det \u00e4r n\u00e4stan obehagligt att prata om det h\u00e4r. Jag f\u00e5r fortfarande en klump i magen. Men&#8230; jag tror det \u00e4r bra f\u00f6r mig att jag g\u00f6r det, s\u00e4ger hon.<\/p>\n<p>Det 25-\u00e5ringen syftar p\u00e5 \u00e4r f\u00f6rst\u00e5s damstafetten under VM i Trondheim. Eller mer exakt den sista str\u00e4ckan.<\/p>\n<p>Tiotusentals vilda hemmafans hade stark guldvittring efter de tre f\u00f6rsta str\u00e4ckorna. F\u00f6r inte kunde v\u00e4l Kristin Austgulen Fosn\u00e4s tappa 37 sekunder till jagande Jonna Sundling?<\/p>\n<p>Jo, det kunde hon.<\/p>\n<p>Fosn\u00e4s: \u201dJag f\u00f6rst\u00f6rde allt\u201d<\/p>\n<p>Redan efter 700 meter har Sundling tagit in 22 sekunder. Vid f\u00f6rsta varvningen \u00e4r den svenska superstj\u00e4rnan i kapp \u2013 och i den avslutande spurten \u00e4r norskan chansl\u00f6s.<\/p>\n<p>Direkt efter\u00e5t hyllades Jonna Sundling unisont av experterna f\u00f6r sin insats: \u201dJag har aldrig varit med om n\u00e5got liknande\u201d (Torgny Mogren, Radiosporten). \u201dEn av tidernas uppvisningar\u201d (Torgeir Bj\u00f6rn, NRK). \u201dDen st\u00f6rsta svenska idrottskvinnan n\u00e5gonsin\u201d (Giorgo Capadoglio, Fondo Italia).<\/p>\n<p>Och s\u00e5 vidare.<\/p>\n<p><img loading=\"lazy\"   alt=\"\"\/><\/p>\n<p>SUPER-SUNDLING. Jonna Sundling hyllas av efter sin str\u00e4cka i VM-stafetten.<\/p>\n<p>Foto: MAXIM THORE \/ BILDBYR\u00c5N<\/p>\n<p>\u00d6ppna bild i helsk\u00e4rm<\/p>\n<p>Samtidigt i det norska laget tr\u00f6stades en f\u00f6rkrossad Kristin Austgulen Fosn\u00e4s av sina lagkamrater Therese Johaug, Heidi Weng och Astrid \u00d6yre Slind.<\/p>\n<p>\u2013 De var v\u00e4ldigt sn\u00e4lla och st\u00f6ttande mot mig efter\u00e5t. De ska ha all kredd f\u00f6r hur de hanterade vad som h\u00e4nde, s\u00e4ger Kristin Austgulen Fosn\u00e4s nu.<\/p>\n<p><strong>Hur m\u00e5dde du sj\u00e4lv d\u00e4r och d\u00e5?<\/strong><\/p>\n<p>\u2013 Det var m\u00e5nga k\u00e4nslor. Men kanske mest en l\u00e4ttnad \u00f6ver att det var \u00f6ver.<\/p>\n<p>Fosn\u00e4s forts\u00e4tter:<\/p>\n<p>\u2013 Men du k\u00e4nner ju att det var du som f\u00f6rst\u00f6rde allt. Att de andra tre i laget hade f\u00f6rtj\u00e4nat att f\u00e5 vinna guldet. S\u00e5 det var k\u00e4mpigt.<\/p>\n<p>Gr\u00e4t sig sj\u00e4lv till s\u00f6mns<\/p>\n<p>Norska landslagsledningens val att placera den orutinerade Fosn\u00e4s p\u00e5 sista str\u00e4ckan \u00f6verraskade m\u00e5nga inf\u00f6r stafetten. \u00c4ven henne sj\u00e4lv.<\/p>\n<p>Annons<\/p>\n<p>\u2013 Jag hade ju inte trott att jag skulle f\u00e5 \u00e5ka den sista etappen. Jag var ny i laget, hade aldrig gjort det f\u00f6rut. Och s\u00e5 dessutom p\u00e5 hemmaplan.<\/p>\n<p>\u2013 Det var skr\u00e4mmande, liksom.<\/p>\n<p>Hon ber\u00e4ttar att beslutet togs gemensamt tv\u00e5 dagar f\u00f6re. Och att tiden fram till t\u00e4vlingsdagen sedan blev blytung.<\/p>\n<p>\u2013 Det var inte tv\u00e5 bra dagar. Jag gr\u00e4t mig till s\u00f6mns p\u00e5 kv\u00e4llarna, ber\u00e4ttar Fosn\u00e4s.<\/p>\n<p>Sedan forts\u00e4tter hon:<\/p>\n<p>\u2013 N\u00e4r jag vaknade p\u00e5 t\u00e4vlingsdagen m\u00e5dde jag inte bra. Och d\u00e4r p\u00e5 startlinjen&#8230; jag hade bara lust att b\u00f6rja gr\u00e5ta igen.<\/p>\n<p><strong>Har du sett din str\u00e4cka p\u00e5 video i efterhand?<\/strong><\/p>\n<p>\u2013 Bara n\u00e5gra korta klipp. Min pojkv\u00e4n tyckte att det var v\u00e4ldigt viktigt f\u00f6r mig att se det f\u00f6r att bearbeta vad som h\u00e4nt. S\u00e5 jag gjorde det n\u00e5gon vecka senare.<\/p>\n<p>\u2013 Men&#8230; det var inte kul. Inte en enda sekund.<\/p>\n<p>Hatet: \u201dV\u00e4ldigt obehagligt\u201d<\/p>\n<p>Kristin Austgulen Fosn\u00e4s ber\u00e4ttar att hon f\u00f6r f\u00f6rsta g\u00e5ngen i sitt liv ocks\u00e5 drabbades av hat i social medier.<\/p>\n<p>\u2013 Jag fick en del meddelande som inte var j\u00e4ttetrevliga. N\u00e5gra fr\u00e5n Sverige \u2013 men framf\u00f6r allt fr\u00e5n Norge.\u00a0<\/p>\n<p><strong>Till exempel?<\/strong><\/p>\n<p>\u2013 De skrev att jag inte borde f\u00e5 beh\u00e5lla mitt norska medborgarskap.\u00a0<\/p>\n<p>25-\u00e5ringen suckar innan hon forts\u00e4tter:<\/p>\n<p>\u2013 Du \u00e4r ju i en s\u00e5rbar situation direkt efter n\u00e5got s\u00e5nt h\u00e4r. Och d\u00e5 tar du illa vid dig av s\u00e5na meddelanden. Jag tyckte det var v\u00e4ldigt obehagligt.<\/p>\n<p>Hon s\u00e4ger att den stora merparten av de som h\u00f6rde av sig var st\u00f6ttande och positiva.\u00a0<\/p>\n<p>\u2013 Det kanske bara var fem procent var negativa. Men just de kommer jag fortfarande ih\u00e5g utantill. Jag l\u00e4ste dem ju s\u00e4kert s\u00e4kert tio g\u00e5nger.<\/p>\n<p>\u2013 Och samtidigt l\u00e4ste man de sn\u00e4lla bara en g\u00e5ng.<\/p>\n<p>Vill inte ha fr\u00e5gan igen<\/p>\n<p>Regnet har slutat utanf\u00f6r lunchrestaurangen i Torsby. Men en fr\u00e5ga \u00e5terst\u00e5r. Vad h\u00e4nder om Kristin Austgulen Fosn\u00e4s f\u00e5r fr\u00e5gan att ta sista str\u00e4ckan i OS-stafetten i vinter?<\/p>\n<p>\u2013 Mmm, jag k\u00e4nner v\u00e4l att det aldrig kommer att bli samma press som det var under ett VM p\u00e5 hemmaplan. Men vill ni att jag vara helt \u00e4rlig?<\/p>\n<p><strong>G\u00e4rna.<\/strong><\/p>\n<p>\u2013 D\u00e5 kommer jag nog i s\u00e5 fall kommer att argumentera f\u00f6r att f\u00e5 \u00e5ka n\u00e5gon annan str\u00e4cka. F\u00f6r mitt eget psykes skull.<\/p>\n","protected":false},"excerpt":{"rendered":"Publicerad 10 sep 2025 kl 10.25Uppdaterad kl 11.03 Jonna Sundling skrev ett kapitel gyllene svensk skidhistoria med sin&hellip;\n","protected":false},"author":2,"featured_media":27650,"comment_status":"","ping_status":"","sticky":false,"template":"","format":"standard","meta":{"footnotes":""},"categories":[68],"tags":[34,857,111,110,31,33,32,30],"class_list":{"0":"post-27649","1":"post","2":"type-post","3":"status-publish","4":"format-standard","5":"has-post-thumbnail","7":"category-sport","8":"tag-se","9":"tag-sections-langdskidor","10":"tag-sport","11":"tag-sports","12":"tag-svenska","13":"tag-sverige","14":"tag-sweden","15":"tag-swedish"},"share_on_mastodon":{"url":"","error":""},"_links":{"self":[{"href":"https:\/\/www.europesays.com\/se\/wp-json\/wp\/v2\/posts\/27649","targetHints":{"allow":["GET"]}}],"collection":[{"href":"https:\/\/www.europesays.com\/se\/wp-json\/wp\/v2\/posts"}],"about":[{"href":"https:\/\/www.europesays.com\/se\/wp-json\/wp\/v2\/types\/post"}],"author":[{"embeddable":true,"href":"https:\/\/www.europesays.com\/se\/wp-json\/wp\/v2\/users\/2"}],"replies":[{"embeddable":true,"href":"https:\/\/www.europesays.com\/se\/wp-json\/wp\/v2\/comments?post=27649"}],"version-history":[{"count":0,"href":"https:\/\/www.europesays.com\/se\/wp-json\/wp\/v2\/posts\/27649\/revisions"}],"wp:featuredmedia":[{"embeddable":true,"href":"https:\/\/www.europesays.com\/se\/wp-json\/wp\/v2\/media\/27650"}],"wp:attachment":[{"href":"https:\/\/www.europesays.com\/se\/wp-json\/wp\/v2\/media?parent=27649"}],"wp:term":[{"taxonomy":"category","embeddable":true,"href":"https:\/\/www.europesays.com\/se\/wp-json\/wp\/v2\/categories?post=27649"},{"taxonomy":"post_tag","embeddable":true,"href":"https:\/\/www.europesays.com\/se\/wp-json\/wp\/v2\/tags?post=27649"}],"curies":[{"name":"wp","href":"https:\/\/api.w.org\/{rel}","templated":true}]}}