{"id":27662,"date":"2025-09-11T18:20:09","date_gmt":"2025-09-11T18:20:09","guid":{"rendered":"https:\/\/www.europesays.com\/se\/27662\/"},"modified":"2025-09-11T18:20:09","modified_gmt":"2025-09-11T18:20:09","slug":"tui-varnar-for-bluff-sms-sa-skyddar-du-dig-mot-bedrageriet","status":"publish","type":"post","link":"https:\/\/www.europesays.com\/se\/27662\/","title":{"rendered":"TUI varnar f\u00f6r bluff-sms \u2013 s\u00e5 skyddar du dig mot bedr\u00e4geriet"},"content":{"rendered":"<p>Publicerad 11 sep 2025 kl 18.24Uppdaterad kl 18.48<\/p>\n<p>Meddelanden som ser ut att komma fr\u00e5n TUI sprids just nu via mejl och sms.<\/p>\n<p>Det \u00e4r bedr\u00e4geri menar resebyr\u00e5n som nu vill varna f\u00f6r bluffarna.<\/p>\n<p>\u2013 Tyv\u00e4rr \u00e4r det inte f\u00f6rsta g\u00e5ngen, s\u00e4ger Dian Valencia p\u00e5 TUI.<\/p>\n<p><img   alt=\"\"\/><\/p>\n<p>Resebyr\u00e5n varnar f\u00f6r falska bokningsbekr\u00e4ftelser.<\/p>\n<p>Foto: Shutterstock<\/p>\n<p>\u00d6ppna bild i helsk\u00e4rm<\/p>\n<p>I ett uttalande p\u00e5 sin hemsida varnar <a href=\"https:\/\/www.expressen.se\/tagg\/organization\/tui\/\" class=\"\" rel=\"nofollow noopener\" target=\"_blank\">TUI<\/a> f\u00f6r att bluffmeddelanden just nu sprids i f\u00f6retagets namn. Det handlar om falska bekr\u00e4ftelser p\u00e5 best\u00e4llningar av kreditkort, bokningar av resor eller presentkort.<\/p>\n<p>Syftet \u00e4r att den som f\u00e5tt ett sms och inte har best\u00e4llt eller bokat n\u00e5gonting ska ringa ett nummer som st\u00e5r angivet i meddelandet. Det \u00e4r d\u00e5 bedragaren inleder bluffen, rapporterar <a href=\"https:\/\/www.radron.se\/bluffvarningar\/varning-for-bluff-med-tui\/\" rel=\"nofollow noopener\" target=\"_blank\">R\u00e5d &amp; R\u00f6n<\/a>.<\/p>\n<p>I ett mejl till Expressen skriver Dian Valencia, kommunikationsansvarig p\u00e5 TUI, att de k\u00e4nner till den senaste tidens bedr\u00e4gerif\u00f6rs\u00f6k.<\/p>\n<p>\u201dVi uppt\u00e4ckte detta n\u00e4r vi fick samtal fr\u00e5n ett flertal personer som mottagit dessa sms. Vi vet inte hur m\u00e5nga som mottagit dem, men vi avr\u00e5der starkt fr\u00e5n att ringa upp numret eller l\u00e4mna ut n\u00e5gra personliga uppgifter\u201d.\u00a0<\/p>\n<p>Vidare skriver han att de som k\u00e4nner sig os\u00e4kra p\u00e5 om de f\u00e5tt ett bluffmeddelande kan kontakta f\u00f6retagets kundtj\u00e4nst.<\/p>\n<p>\u201dTyv\u00e4rr \u00e4r det inte f\u00f6rsta g\u00e5ngen det f\u00f6rekommer falska sms och mejl som utger sig f\u00f6r att vara TUI.\u201d.<\/p>\n<p>Personer som har f\u00e5tt falska meddelanden fr\u00e5n TUI uppmanas kontakta polisen.<\/p>\n","protected":false},"excerpt":{"rendered":"Publicerad 11 sep 2025 kl 18.24Uppdaterad kl 18.48 Meddelanden som ser ut att komma fr\u00e5n TUI sprids just&hellip;\n","protected":false},"author":2,"featured_media":27663,"comment_status":"","ping_status":"","sticky":false,"template":"","format":"standard","meta":{"footnotes":""},"categories":[12],"tags":[22,23,26,27,17,21,24,25,28,29,15,16,1757,18,34,154,31,33,32,30,19,1307,3189,856,20],"class_list":{"0":"post-27662","1":"post","2":"type-post","3":"status-publish","4":"format-standard","5":"has-post-thumbnail","7":"category-sverige","8":"tag-breaking-news","9":"tag-breakingnews","10":"tag-featured-news","11":"tag-featurednews","12":"tag-headlines","13":"tag-huvudnyheter","14":"tag-latest-news","15":"tag-latestnews","16":"tag-main-news","17":"tag-mainnews","18":"tag-news","19":"tag-nyheter","20":"tag-organization-tui","21":"tag-rubriker","22":"tag-se","23":"tag-sections-sverige","24":"tag-svenska","25":"tag-sverige","26":"tag-sweden","27":"tag-swedish","28":"tag-top-stories","29":"tag-topic-bedrageri","30":"tag-topic-it-sakerhet","31":"tag-topic-resa-turism","32":"tag-topstories"},"share_on_mastodon":{"url":"","error":""},"_links":{"self":[{"href":"https:\/\/www.europesays.com\/se\/wp-json\/wp\/v2\/posts\/27662","targetHints":{"allow":["GET"]}}],"collection":[{"href":"https:\/\/www.europesays.com\/se\/wp-json\/wp\/v2\/posts"}],"about":[{"href":"https:\/\/www.europesays.com\/se\/wp-json\/wp\/v2\/types\/post"}],"author":[{"embeddable":true,"href":"https:\/\/www.europesays.com\/se\/wp-json\/wp\/v2\/users\/2"}],"replies":[{"embeddable":true,"href":"https:\/\/www.europesays.com\/se\/wp-json\/wp\/v2\/comments?post=27662"}],"version-history":[{"count":0,"href":"https:\/\/www.europesays.com\/se\/wp-json\/wp\/v2\/posts\/27662\/revisions"}],"wp:featuredmedia":[{"embeddable":true,"href":"https:\/\/www.europesays.com\/se\/wp-json\/wp\/v2\/media\/27663"}],"wp:attachment":[{"href":"https:\/\/www.europesays.com\/se\/wp-json\/wp\/v2\/media?parent=27662"}],"wp:term":[{"taxonomy":"category","embeddable":true,"href":"https:\/\/www.europesays.com\/se\/wp-json\/wp\/v2\/categories?post=27662"},{"taxonomy":"post_tag","embeddable":true,"href":"https:\/\/www.europesays.com\/se\/wp-json\/wp\/v2\/tags?post=27662"}],"curies":[{"name":"wp","href":"https:\/\/api.w.org\/{rel}","templated":true}]}}